{"id":3378,"date":"2022-05-06T10:00:00","date_gmt":"2022-05-06T08:00:00","guid":{"rendered":"http:\/\/lavia.cc\/blog\/?p=3378"},"modified":"2022-05-06T10:57:50","modified_gmt":"2022-05-06T08:57:50","slug":"stelviobikeday","status":"publish","type":"post","link":"https:\/\/lavia.cc\/blog\/stelviobikeday\/","title":{"rendered":"La salita dello Stelvio chiusa al traffico, ecco quando!"},"content":{"rendered":"\n<div class=\"wp-block-ugb-heading ugb-heading ugb-c4ec18d ugb-main-block\"><div class=\"ugb-inner-block\"><div class=\"ugb-block-content\"><h2 class=\"ugb-heading__title\"><strong><em>Il 03 Settembre 2022 la <\/em><\/strong><em>Cima Coppi<\/em><strong><em> pi\u00f9 famosa verr\u00e0 chiusa al traffico<\/em><\/strong> <strong><em>per l&#8217;evento<\/em><\/strong> <em>&#8220;Stelvio Bike Day 2022&#8221;<\/em><\/h2><p class=\"ugb-heading__subtitle\"><br>Durante la giornata del <a href=\"https:\/\/lavia.cc\/blog\/index.php\/category\/eventi\/\" target=\"_blank\" rel=\"noreferrer noopener\" title=\"Eventi\">03 Settembre 2022<\/a> il celebre passo alpino dello&nbsp;<strong>Stelvio verr\u00e0 chiuso al traffico motorizzato<\/strong>&nbsp;e dedicato esclusivamente a ciclisti, ma anche escursionisti, per godere in pieno relax la natura del Parco Nazionale dello <strong>Stelvio<\/strong>.<br><br>Quest\u2019anno, a differenza delle scorse edizioni, il traffico verr\u00e0 chiuso solo dal versante valtellinese che parte da <strong>Bormio<\/strong>.<br><br>Vediamo insieme le caratteristiche della salita:<\/p><\/div><\/div><\/div>\n\n\n\n<div class=\"wp-block-ugb-count-up ugb-count-up ugb-010209e ugb-countup--v4 ugb-countup--columns-2 ugb-main-block\"><div class=\"ugb-inner-block\"><div class=\"ugb-block-content\"><div class=\"ugb-countup__item ugb-countup__item1\"><h4 class=\"ugb-countup__title\">Dislivello<\/h4><div class=\"ugb-countup__counter\" data-duration=\"1000\" data-delay=\"16\">1533m<\/div><\/div><div class=\"ugb-countup__item ugb-countup__item2\"><h4 class=\"ugb-countup__title\">Lunghezza<\/h4><div class=\"ugb-countup__counter\" data-duration=\"1000\" data-delay=\"16\">21km<\/div><\/div><\/div><\/div><\/div>\n\n\n\n<div class=\"wp-block-ugb-count-up ugb-count-up ugb-3453553 ugb-countup--v4 ugb-countup--columns-2 ugb-main-block\"><div class=\"ugb-inner-block\"><div class=\"ugb-block-content\"><div class=\"ugb-countup__item ugb-countup__item1\"><h4 class=\"ugb-countup__title\">Pendenza media<\/h4><div class=\"ugb-countup__counter\" data-duration=\"1000\" data-delay=\"16\">7,1%<\/div><\/div><div class=\"ugb-countup__item ugb-countup__item2\"><h4 class=\"ugb-countup__title\">Pendenza massima<\/h4><div class=\"ugb-countup__counter\" data-duration=\"1000\" data-delay=\"16\">20%<\/div><\/div><\/div><\/div><\/div>\n\n\n\n<p>ll&nbsp;<strong>Passo dello Stelvio da Bormio<\/strong> con i suoi 2758 m di altitudine e <strong>40 tornanti<\/strong>,&nbsp;\u00e8 uno dei passi alpini pi\u00f9 alti.<\/p>\n\n\n\n<p>La salita \u00e8 difficile, sia per la quota raggiunta che per le pendenze (media del 7,1% e massima del 14%).<\/p>\n\n\n\n<p>Lasciato Bormio, il tracciato comincia subito con pendenze importanti e passa accanto al famoso stabilimento termale dei&nbsp;<strong>Bagni di Bormio<\/strong> dopodich\u00e9 Il percorso continua con diversi tornanti, che portano al tratto con alcune gallerie (molto buie), scavate nella roccia.<\/p>\n\n\n\n<p>Al termine di queste, ci si trova di fronte al tratto pi\u00f9 duro e a seguire una serie di 14 tornanti con pendenza molto regolare.<\/p>\n\n\n\n<p>Oltrepassato un ulteriore tratto impegnativo, di un paio di chilometri, ci si trova su un rettilineo con pendenze dolci e pedalabili.<\/p>\n\n\n\n<p>Siamo al tratto conclusivo e pi\u00f9 difficile: il passo \u00e8 l\u00ec, lo si pu\u00f2 vedere, ma la pendenza non scende mai sotto l&#8217;8%.<\/p>\n\n\n\n<p>Lo si raggiunge con molta fatica ma la soddisfazione \u00e8 indescrivibile e la memoria va subito ai grandi ciclisti del passato, che hanno reso mitico questo passo. A testimonianza di questo, sulla vetta, si trova un monumento dedicato al grande&nbsp;<strong>Fausto Coppi<\/strong>.<\/p>\n\n\n\n<figure class=\"wp-block-gallery has-nested-images columns-default is-cropped wp-block-gallery-1 is-layout-flex wp-block-gallery-is-layout-flex\">\n<figure class=\"wp-block-image size-large\"><img fetchpriority=\"high\" decoding=\"async\" width=\"768\" height=\"1024\" data-id=\"3389\" src=\"http:\/\/lavia.cc\/blog\/wp-content\/uploads\/2021\/08\/1631703197860-768x1024.jpg\" alt=\"\" class=\"wp-image-3389\" srcset=\"https:\/\/lavia.cc\/blog\/wp-content\/uploads\/2021\/08\/1631703197860-768x1024.jpg 768w, https:\/\/lavia.cc\/blog\/wp-content\/uploads\/2021\/08\/1631703197860-225x300.jpg 225w, https:\/\/lavia.cc\/blog\/wp-content\/uploads\/2021\/08\/1631703197860-1152x1536.jpg 1152w, https:\/\/lavia.cc\/blog\/wp-content\/uploads\/2021\/08\/1631703197860-1536x2048.jpg 1536w, https:\/\/lavia.cc\/blog\/wp-content\/uploads\/2021\/08\/1631703197860-scaled.jpg 1920w\" sizes=\"(max-width: 768px) 100vw, 768px\" \/><\/figure>\n\n\n\n<figure class=\"wp-block-image size-large\"><img decoding=\"async\" width=\"768\" height=\"1024\" data-id=\"3392\" src=\"http:\/\/lavia.cc\/blog\/wp-content\/uploads\/2021\/09\/1631703197851-768x1024.jpg\" alt=\"\" class=\"wp-image-3392\" srcset=\"https:\/\/lavia.cc\/blog\/wp-content\/uploads\/2021\/09\/1631703197851-768x1024.jpg 768w, https:\/\/lavia.cc\/blog\/wp-content\/uploads\/2021\/09\/1631703197851-225x300.jpg 225w, https:\/\/lavia.cc\/blog\/wp-content\/uploads\/2021\/09\/1631703197851-1152x1536.jpg 1152w, https:\/\/lavia.cc\/blog\/wp-content\/uploads\/2021\/09\/1631703197851-1536x2048.jpg 1536w, https:\/\/lavia.cc\/blog\/wp-content\/uploads\/2021\/09\/1631703197851-scaled.jpg 1920w\" sizes=\"(max-width: 768px) 100vw, 768px\" \/><\/figure>\n<figcaption class=\"blocks-gallery-caption\">Alcune immagini dell&#8217;edizione di Giugno 2021<\/figcaption><\/figure>\n\n\n\n<p>Ecco alcuni consigli per godersi la giornata al meglio:<\/p>\n\n\n\n<ul class=\"wp-block-list\"><li>le strade sono riservate ai ciclisti dalle ore 8:30 alle ore 12:30<\/li><li>porta abbigliamento invernale, in cima al passo il meteo e soprattutto la temperatura possono essere ben diverse che alla partenza<\/li><li>parti mantenendo un passo costante senza forzare, dopo i 2000 m di altitudine le energie risparmiate ti saranno utili<\/li><li>fai attenzione in discesa, l\u2019asfalto ha poco grip<\/li><\/ul>\n\n\n\n<p>Noi ci saremo, segui <a href=\"https:\/\/www.instagram.com\/lavia.cc\/\">LAVIA<\/a> per sapere come andr\u00e0 questa fantastica giornata!<\/p>\n\n\n\n<p>E tu ci sarai? Non dimenticarti di taggarci nelle tue storie di Instagram!<\/p>\n\n\n\n<p><\/p>\n","protected":false},"excerpt":{"rendered":"<p>Il 03 Settembre 2022 la Cima Coppi pi\u00f9 famosa verr\u00e0 chiusa al traffico per l&#8217;evento &#8220;Stelvio Bike Day 2022&#8221; Durante la giornata del 03 Settembre 2022 il celebre passo alpino dello&nbsp;Stelvio verr\u00e0 chiuso al traffico motorizzato&nbsp;e dedicato esclusivamente a ciclisti, ma anche escursionisti, per godere in pieno relax la natura del Parco Nazionale dello Stelvio. [&hellip;]<\/p>\n","protected":false},"author":1,"featured_media":3384,"comment_status":"open","ping_status":"open","sticky":false,"template":"","format":"standard","meta":{"om_disable_all_campaigns":false,"footnotes":""},"categories":[20,27],"tags":[34,31],"class_list":["post-3378","post","type-post","status-publish","format-standard","has-post-thumbnail","hentry","category-cicloturismo","category-eventi","tag-lombardia","tag-valtellina"],"blocksy_meta":{"styles_descriptor":{"styles":{"desktop":"","tablet":"","mobile":""},"google_fonts":[],"version":6}},"featured_image_urls_v2":{"full":["https:\/\/lavia.cc\/blog\/wp-content\/uploads\/2021\/08\/tibethuette-wisthler-rad.jpg",2000,1333,false],"thumbnail":["https:\/\/lavia.cc\/blog\/wp-content\/uploads\/2021\/08\/tibethuette-wisthler-rad-150x150.jpg",150,150,true],"medium":["https:\/\/lavia.cc\/blog\/wp-content\/uploads\/2021\/08\/tibethuette-wisthler-rad-300x200.jpg",300,200,true],"medium_large":["https:\/\/lavia.cc\/blog\/wp-content\/uploads\/2021\/08\/tibethuette-wisthler-rad-768x512.jpg",768,512,true],"large":["https:\/\/lavia.cc\/blog\/wp-content\/uploads\/2021\/08\/tibethuette-wisthler-rad-1024x682.jpg",1024,682,true],"1536x1536":["https:\/\/lavia.cc\/blog\/wp-content\/uploads\/2021\/08\/tibethuette-wisthler-rad-1536x1024.jpg",1536,1024,true],"2048x2048":["https:\/\/lavia.cc\/blog\/wp-content\/uploads\/2021\/08\/tibethuette-wisthler-rad.jpg",2000,1333,false]},"post_excerpt_stackable_v2":"<p>Il 03 Settembre 2022 la Cima Coppi pi\u00f9 famosa verr\u00e0 chiusa al traffico per l&#8217;evento &#8220;Stelvio Bike Day 2022&#8221;Durante la giornata del 03 Settembre 2022 il celebre passo alpino dello&nbsp;Stelvio verr\u00e0 chiuso al traffico motorizzato&nbsp;e dedicato esclusivamente a ciclisti, ma anche escursionisti, per godere in pieno relax la natura del Parco Nazionale dello Stelvio.Quest\u2019anno, a differenza delle scorse edizioni, il traffico verr\u00e0 chiuso solo dal versante valtellinese che parte da Bormio.Vediamo insieme le caratteristiche della salita: Dislivello1533mLunghezza21km Pendenza media7,1%Pendenza massima20% ll&nbsp;Passo dello Stelvio da Bormio con i suoi 2758 m di altitudine e 40 tornanti,&nbsp;\u00e8 uno dei passi alpini pi\u00f9&hellip;<\/p>\n","category_list_v2":"<a href=\"https:\/\/lavia.cc\/blog\/category\/cicloturismo\/\" rel=\"category tag\">Cicloturismo<\/a>, <a href=\"https:\/\/lavia.cc\/blog\/category\/eventi\/\" rel=\"category tag\">Eventi<\/a>","author_info_v2":{"name":"LAVIA","url":"https:\/\/lavia.cc\/blog\/author\/lavia-website\/"},"comments_num_v2":"1 commento","_links":{"self":[{"href":"https:\/\/lavia.cc\/blog\/wp-json\/wp\/v2\/posts\/3378","targetHints":{"allow":["GET"]}}],"collection":[{"href":"https:\/\/lavia.cc\/blog\/wp-json\/wp\/v2\/posts"}],"about":[{"href":"https:\/\/lavia.cc\/blog\/wp-json\/wp\/v2\/types\/post"}],"author":[{"embeddable":true,"href":"https:\/\/lavia.cc\/blog\/wp-json\/wp\/v2\/users\/1"}],"replies":[{"embeddable":true,"href":"https:\/\/lavia.cc\/blog\/wp-json\/wp\/v2\/comments?post=3378"}],"version-history":[{"count":18,"href":"https:\/\/lavia.cc\/blog\/wp-json\/wp\/v2\/posts\/3378\/revisions"}],"predecessor-version":[{"id":4345,"href":"https:\/\/lavia.cc\/blog\/wp-json\/wp\/v2\/posts\/3378\/revisions\/4345"}],"wp:featuredmedia":[{"embeddable":true,"href":"https:\/\/lavia.cc\/blog\/wp-json\/wp\/v2\/media\/3384"}],"wp:attachment":[{"href":"https:\/\/lavia.cc\/blog\/wp-json\/wp\/v2\/media?parent=3378"}],"wp:term":[{"taxonomy":"category","embeddable":true,"href":"https:\/\/lavia.cc\/blog\/wp-json\/wp\/v2\/categories?post=3378"},{"taxonomy":"post_tag","embeddable":true,"href":"https:\/\/lavia.cc\/blog\/wp-json\/wp\/v2\/tags?post=3378"}],"curies":[{"name":"wp","href":"https:\/\/api.w.org\/{rel}","templated":true}]}}