{"id":3450,"date":"2021-09-16T17:52:35","date_gmt":"2021-09-16T15:52:35","guid":{"rendered":"http:\/\/lavia.cc\/blog\/?p=3450"},"modified":"2021-11-02T21:57:31","modified_gmt":"2021-11-02T20:57:31","slug":"quattro-passi-su-due-ruote-il-sellaronda-bike-day","status":"publish","type":"post","link":"https:\/\/lavia.cc\/blog\/quattro-passi-su-due-ruote-il-sellaronda-bike-day\/","title":{"rendered":"Quattro passi su due ruote: il Sellaronda Bike Day"},"content":{"rendered":"\n<h3 class=\"wp-block-heading\"><strong>I leggendari passi dolomitici Sella, Pordoi, Compolongo e Gardena chiusi al traffico per una giornata interamente dedicata al ciclismo<\/strong><\/h3>\n\n\n\n<figure class=\"wp-block-gallery columns-1 is-cropped wp-block-gallery-1 is-layout-flex wp-block-gallery-is-layout-flex\"><ul class=\"blocks-gallery-grid\"><li class=\"blocks-gallery-item\"><figure><img fetchpriority=\"high\" decoding=\"async\" width=\"1024\" height=\"576\" src=\"http:\/\/lavia.cc\/blog\/wp-content\/uploads\/2021\/09\/sellaronda-bikeday-4-1024x576.jpg\" alt=\"\" data-id=\"3455\" data-full-url=\"http:\/\/lavia.cc\/blog\/wp-content\/uploads\/2021\/09\/sellaronda-bikeday-4.jpg\" data-link=\"http:\/\/lavia.cc\/blog\/index.php\/2021\/09\/16\/quattro-passi-su-due-ruote-il-sellaronda-bike-day\/sellaronda-bikeday-4\/\" class=\"wp-image-3455\" srcset=\"https:\/\/lavia.cc\/blog\/wp-content\/uploads\/2021\/09\/sellaronda-bikeday-4-1024x576.jpg 1024w, https:\/\/lavia.cc\/blog\/wp-content\/uploads\/2021\/09\/sellaronda-bikeday-4-300x169.jpg 300w, https:\/\/lavia.cc\/blog\/wp-content\/uploads\/2021\/09\/sellaronda-bikeday-4-768x432.jpg 768w, https:\/\/lavia.cc\/blog\/wp-content\/uploads\/2021\/09\/sellaronda-bikeday-4-1536x864.jpg 1536w, https:\/\/lavia.cc\/blog\/wp-content\/uploads\/2021\/09\/sellaronda-bikeday-4.jpg 1920w\" sizes=\"(max-width: 1024px) 100vw, 1024px\" \/><\/figure><\/li><\/ul><\/figure>\n\n\n\n<p>Ogni anno il <strong>Sellaronda<\/strong>, il giro dei quattro iconici passi delle dolomiti (Sella, Pordoi, Campolongo, Gardena) , viene reso speciale da giornate interamente dedicate alle due ruote. Dopo l&#8217;edizione di <a href=\"https:\/\/youtu.be\/RMlkpLDeOxE\" target=\"_blank\" rel=\"noreferrer noopener\" title=\"https:\/\/youtu.be\/RMlkpLDeOxE\">domenica 27\/06<\/a>, \u00e8 <strong>sabato 18\/09\/2021<\/strong> il giorno in cui le dolomiti chiudono nuovamente al traffico veicolare <strong>dalle ore 8.30 alle 15.30<\/strong> chiamando a se tutti gli appassionati di ciclismo e non solo.<\/p>\n\n\n\n<iframe src=\"https:\/\/www.google.com\/maps\/d\/embed?mid=10bPENAjmOiTVh4Bs7dv63DlX3A0\" width=\"640\" height=\"480\"><\/iframe>\n\n\n\n<p>Un percorso di circa 53 km pedalabile in entrambi i sensi (l&#8217;organizzazione consiglia il senso antiorario) attorno al meraviglioso <strong>massiccio del Sella<\/strong>, per un dislivello positivo di 1637 m che pu\u00f2 variare in base al punto di partenza:<\/p>\n\n\n\n<p><strong>Dislivello &#8220;<a href=\"https:\/\/lavia.cc\/blog\/index.php\/category\/eventi\/\" target=\"_blank\" rel=\"noreferrer noopener\" title=\"Eventi\">Sellaronda Bike Day<\/a>&#8220;: 1.637 m<\/strong><br>Dislivello con partenza da Selva Val Gardena: 1.936 m<br>Dislivello con partenza da Canazei: 2.030 m<br>Dislivello con partenza da Corvara o Arabba: 1.637 m<\/p>\n\n\n\n<p>Molti ci chiedono da dove \u00e8 meglio partire ma non c&#8217;\u00e8 di fatto una risposta definitiva. La scelta \u00e8 soggettiva da valutare in base al dislivello totale che si intende affrontare e la soluzione logistica pi\u00f9 congeniale.<\/p>\n\n\n\n<figure class=\"wp-block-gallery columns-1 is-cropped wp-block-gallery-2 is-layout-flex wp-block-gallery-is-layout-flex\"><ul class=\"blocks-gallery-grid\"><li class=\"blocks-gallery-item\"><figure><img decoding=\"async\" width=\"800\" height=\"429\" src=\"http:\/\/lavia.cc\/blog\/wp-content\/uploads\/2021\/09\/Strecke-Sella-Ronda-Bike-Day-2011-1.jpg\" alt=\"\" data-id=\"3465\" data-full-url=\"http:\/\/lavia.cc\/blog\/wp-content\/uploads\/2021\/09\/Strecke-Sella-Ronda-Bike-Day-2011-1.jpg\" data-link=\"http:\/\/lavia.cc\/blog\/?attachment_id=3465\" class=\"wp-image-3465\" srcset=\"https:\/\/lavia.cc\/blog\/wp-content\/uploads\/2021\/09\/Strecke-Sella-Ronda-Bike-Day-2011-1.jpg 800w, https:\/\/lavia.cc\/blog\/wp-content\/uploads\/2021\/09\/Strecke-Sella-Ronda-Bike-Day-2011-1-300x161.jpg 300w, https:\/\/lavia.cc\/blog\/wp-content\/uploads\/2021\/09\/Strecke-Sella-Ronda-Bike-Day-2011-1-768x412.jpg 768w\" sizes=\"(max-width: 800px) 100vw, 800px\" \/><\/figure><\/li><\/ul><\/figure>\n\n\n\n<p>Le salite del percorso non sono mai impossibili, anzi affrontate nel modo corretto possono essere alla portata di tutti. Le pendenze medie si aggirano attorno al 6\/7%. Per i meno allenati un 32 sul pacco pignoni pu\u00f2 essere una buonissima scelta. <\/p>\n\n\n\n<p>Va ovviamente sempre considerata l&#8217;altitudine che oscilla dai 1500 m ai 2200 m, un minimo di allenamento \u00e8 quindi sempre consigliabile.<\/p>\n\n\n\n<figure class=\"wp-block-image size-large\"><img decoding=\"async\" width=\"1024\" height=\"670\" src=\"http:\/\/lavia.cc\/blog\/wp-content\/uploads\/2021\/09\/percorso2-1024x670.jpg\" alt=\"\" class=\"wp-image-3467\" srcset=\"https:\/\/lavia.cc\/blog\/wp-content\/uploads\/2021\/09\/percorso2-1024x670.jpg 1024w, https:\/\/lavia.cc\/blog\/wp-content\/uploads\/2021\/09\/percorso2-300x196.jpg 300w, https:\/\/lavia.cc\/blog\/wp-content\/uploads\/2021\/09\/percorso2-768x503.jpg 768w, https:\/\/lavia.cc\/blog\/wp-content\/uploads\/2021\/09\/percorso2.jpg 1500w\" sizes=\"(max-width: 1024px) 100vw, 1024px\" \/><\/figure>\n\n\n\n<p>Il <a href=\"https:\/\/www.sellarondabikeday.com\/\" target=\"_blank\" rel=\"noopener\"><\/a><a href=\"https:\/\/www.sellarondabikeday.com\/\" target=\"_blank\" rel=\"noopener\">Sellaronda Bike Day<\/a> \u00e8 il giorno perfetto per pedalare sui quattro passi. Questo straordinario tour \u00e8 comunque sempre fruibile nel periodo che va da fine maggio a fine settembre.  <\/p>\n\n\n\n<figure class=\"wp-block-image size-full\"><img loading=\"lazy\" decoding=\"async\" width=\"900\" height=\"600\" src=\"http:\/\/lavia.cc\/blog\/wp-content\/uploads\/2021\/09\/25215\u00a9-freddy-planinschek.jpg\" alt=\"\" class=\"wp-image-3469\" srcset=\"https:\/\/lavia.cc\/blog\/wp-content\/uploads\/2021\/09\/25215\u00a9-freddy-planinschek.jpg 900w, https:\/\/lavia.cc\/blog\/wp-content\/uploads\/2021\/09\/25215\u00a9-freddy-planinschek-300x200.jpg 300w, https:\/\/lavia.cc\/blog\/wp-content\/uploads\/2021\/09\/25215\u00a9-freddy-planinschek-768x512.jpg 768w\" sizes=\"(max-width: 900px) 100vw, 900px\" \/><\/figure>\n\n\n\n<p>Va sempre ricordato che <strong>non si tratta di una gara<\/strong>, ma di una giornata di festa. Il percorso \u00e8 battuto da migliaia di ciclisti di tutte le et\u00e0, da famiglie e da tutti quegli appassionati che vogliono affrontare salite leggendarie e cariche di storia accompagnati da viste mozzafiato e dal cielo azzurro che si staglia sopra i giganteschi torrioni di roccia.  <\/p>\n\n\n\n<p>Partecipare a questo sogno non costa nulla e <strong>non \u00e8 prevista alcuna iscrizione<\/strong>.<\/p>\n\n\n\n<p>link utili:<\/p>\n\n\n\n<p><a href=\"https:\/\/www.sellarondabikeday.com\/regolamento_it.html\" target=\"_blank\" rel=\"noopener\">https:\/\/www.sellarondabikeday.com\/regolamento_it.html<\/a><\/p>\n\n\n\n<p><br> <\/p>\n\n\n\n<p><\/p>\n\n\n\n<p><\/p>\n","protected":false},"excerpt":{"rendered":"<p>I leggendari passi dolomitici Sella, Pordoi, Compolongo e Gardena chiusi al traffico per una giornata interamente dedicata al ciclismo Ogni anno il Sellaronda, il giro dei quattro iconici passi delle dolomiti (Sella, Pordoi, Campolongo, Gardena) , viene reso speciale da giornate interamente dedicate alle due ruote. Dopo l&#8217;edizione di domenica 27\/06, \u00e8 sabato 18\/09\/2021 il [&hellip;]<\/p>\n","protected":false},"author":1,"featured_media":3451,"comment_status":"open","ping_status":"open","sticky":false,"template":"","format":"standard","meta":{"om_disable_all_campaigns":false,"footnotes":""},"categories":[20,27],"tags":[38,39],"class_list":["post-3450","post","type-post","status-publish","format-standard","has-post-thumbnail","hentry","category-cicloturismo","category-eventi","tag-trentino-alto-adige","tag-veneto"],"blocksy_meta":{"styles_descriptor":{"styles":{"desktop":"","tablet":"","mobile":""},"google_fonts":[],"version":6}},"featured_image_urls_v2":{"full":["https:\/\/lavia.cc\/blog\/wp-content\/uploads\/2021\/09\/sellaronda.jpg",1500,982,false],"thumbnail":["https:\/\/lavia.cc\/blog\/wp-content\/uploads\/2021\/09\/sellaronda-150x150.jpg",150,150,true],"medium":["https:\/\/lavia.cc\/blog\/wp-content\/uploads\/2021\/09\/sellaronda-300x196.jpg",300,196,true],"medium_large":["https:\/\/lavia.cc\/blog\/wp-content\/uploads\/2021\/09\/sellaronda-768x503.jpg",768,503,true],"large":["https:\/\/lavia.cc\/blog\/wp-content\/uploads\/2021\/09\/sellaronda-1024x670.jpg",1024,670,true],"1536x1536":["https:\/\/lavia.cc\/blog\/wp-content\/uploads\/2021\/09\/sellaronda.jpg",1500,982,false],"2048x2048":["https:\/\/lavia.cc\/blog\/wp-content\/uploads\/2021\/09\/sellaronda.jpg",1500,982,false]},"post_excerpt_stackable_v2":"<p>I leggendari passi dolomitici Sella, Pordoi, Compolongo e Gardena chiusi al traffico per una giornata interamente dedicata al ciclismo Ogni anno il Sellaronda, il giro dei quattro iconici passi delle dolomiti (Sella, Pordoi, Campolongo, Gardena) , viene reso speciale da giornate interamente dedicate alle due ruote. Dopo l&#8217;edizione di domenica 27\/06, \u00e8 sabato 18\/09\/2021 il giorno in cui le dolomiti chiudono nuovamente al traffico veicolare dalle ore 8.30 alle 15.30 chiamando a se tutti gli appassionati di ciclismo e non solo. Un percorso di circa 53 km pedalabile in entrambi i sensi (l&#8217;organizzazione consiglia il senso antiorario) attorno al meraviglioso&hellip;<\/p>\n","category_list_v2":"<a href=\"https:\/\/lavia.cc\/blog\/category\/cicloturismo\/\" rel=\"category tag\">Cicloturismo<\/a>, <a href=\"https:\/\/lavia.cc\/blog\/category\/eventi\/\" rel=\"category tag\">Eventi<\/a>","author_info_v2":{"name":"LAVIA","url":"https:\/\/lavia.cc\/blog\/author\/lavia-website\/"},"comments_num_v2":"0 commenti","_links":{"self":[{"href":"https:\/\/lavia.cc\/blog\/wp-json\/wp\/v2\/posts\/3450","targetHints":{"allow":["GET"]}}],"collection":[{"href":"https:\/\/lavia.cc\/blog\/wp-json\/wp\/v2\/posts"}],"about":[{"href":"https:\/\/lavia.cc\/blog\/wp-json\/wp\/v2\/types\/post"}],"author":[{"embeddable":true,"href":"https:\/\/lavia.cc\/blog\/wp-json\/wp\/v2\/users\/1"}],"replies":[{"embeddable":true,"href":"https:\/\/lavia.cc\/blog\/wp-json\/wp\/v2\/comments?post=3450"}],"version-history":[{"count":15,"href":"https:\/\/lavia.cc\/blog\/wp-json\/wp\/v2\/posts\/3450\/revisions"}],"predecessor-version":[{"id":3489,"href":"https:\/\/lavia.cc\/blog\/wp-json\/wp\/v2\/posts\/3450\/revisions\/3489"}],"wp:featuredmedia":[{"embeddable":true,"href":"https:\/\/lavia.cc\/blog\/wp-json\/wp\/v2\/media\/3451"}],"wp:attachment":[{"href":"https:\/\/lavia.cc\/blog\/wp-json\/wp\/v2\/media?parent=3450"}],"wp:term":[{"taxonomy":"category","embeddable":true,"href":"https:\/\/lavia.cc\/blog\/wp-json\/wp\/v2\/categories?post=3450"},{"taxonomy":"post_tag","embeddable":true,"href":"https:\/\/lavia.cc\/blog\/wp-json\/wp\/v2\/tags?post=3450"}],"curies":[{"name":"wp","href":"https:\/\/api.w.org\/{rel}","templated":true}]}}