{"id":3518,"date":"2021-08-24T15:54:00","date_gmt":"2021-08-24T13:54:00","guid":{"rendered":"https:\/\/lavia.cc\/blog\/?p=3518"},"modified":"2021-10-04T16:44:09","modified_gmt":"2021-10-04T14:44:09","slug":"bergamo-gravel-la-data-ufficiale-della-prima-edizione","status":"publish","type":"post","link":"https:\/\/lavia.cc\/blog\/bergamo-gravel-la-data-ufficiale-della-prima-edizione\/","title":{"rendered":"Bergamo Gravel, la data ufficiale!"},"content":{"rendered":"\n<div class=\"wp-block-ugb-heading ugb-heading ugb-f0b023d ugb-main-block\"><div class=\"ugb-inner-block\"><div class=\"ugb-block-content\"><h3 class=\"ugb-heading__title\">Finalmente \u00e8 ufficiale la data della prima edizione del raduno <em>Bergamo Gravel<\/em>:<\/h3><\/div><\/div><\/div>\n\n\n\n<div class=\"wp-block-ugb-heading ugb-heading ugb-416b84c ugb-main-block\"><style>.ugb-416b84c .ugb-heading__title{text-align:center}.ugb-416b84c .ugb-inner-block{text-align:center}<\/style><div class=\"ugb-inner-block\"><div class=\"ugb-block-content\"><h1 class=\"ugb-heading__title\">10\/10\/2021<\/h1><\/div><\/div><\/div>\n\n\n\n<p>Il primo appuntamento con il\u00a0<a href=\"https:\/\/lavia.cc\/blog\/index.php\/category\/gravel\/\" title=\"Gravel\">gravel <\/a>raduno bergamasco porter\u00e0 i partecipanti a pedalare dalla bassa fino alla cima della citt\u00e0 alta di Bergamo.<\/p>\n\n\n\n<p>Si parte da Cassano d&#8217;Adda (anche se non \u00e8 in provincia di Bergamo) e si risale verso nord lungo le sponde del fiume Brembo per poi salire a Bergamo Alta passando per la Val d&#8217;Astino.<\/p>\n\n\n\n<div class=\"wp-block-image\"><figure class=\"aligncenter size-full\"><img fetchpriority=\"high\" decoding=\"async\" width=\"1024\" height=\"576\" src=\"https:\/\/lavia.cc\/blog\/wp-content\/uploads\/2021\/10\/Sunrise_at_Bergamo_old_town_Lombardy_Italy.jpg\" alt=\"\" class=\"wp-image-3534\" srcset=\"https:\/\/lavia.cc\/blog\/wp-content\/uploads\/2021\/10\/Sunrise_at_Bergamo_old_town_Lombardy_Italy.jpg 1024w, https:\/\/lavia.cc\/blog\/wp-content\/uploads\/2021\/10\/Sunrise_at_Bergamo_old_town_Lombardy_Italy-300x169.jpg 300w, https:\/\/lavia.cc\/blog\/wp-content\/uploads\/2021\/10\/Sunrise_at_Bergamo_old_town_Lombardy_Italy-768x432.jpg 768w\" sizes=\"(max-width: 1024px) 100vw, 1024px\" \/><figcaption>Vista su Bergamo Alta<\/figcaption><\/figure><\/div>\n\n\n\n<p>Il raduno \u00e8 completamente gratuito ma per partecipare \u00e8 necessaria la registrazione tramite il seguente link: <a href=\"https:\/\/www.eventbrite.it\/e\/163332775729\" target=\"_blank\" rel=\"noopener\">https:\/\/www.eventbrite.it\/e\/163332775729<\/a>.<\/p>\n\n\n\n<p>Per questa prima edizione, come specificato dagli organizzatori, le iscrizioni verranno chiuse a quota 150 partecipanti.<\/p>\n\n\n\n<p>Tutti gli iscritti riceveranno la traccia del percorso qualche giorno prima della manifestazione, luned\u00ec 4 ottobre 2021.<\/p>\n\n\n\n<p>Ci sar\u00e0 la possibilit\u00e0 di scegliere tra due percorsi con due diverse difficolt\u00e0.<\/p>\n\n\n\n<p>Il pi\u00f9 corto, chiamato percorso <strong>CASONCELLI<\/strong>, parte da Cassano d&#8217;Adda, costeggia il fiume Brembo fino ad arrivare a Mozzo e da l\u00ec sale per la &#8220;citt\u00e0 dei mille&#8221;. <\/p>\n\n\n\n<p>Si pedaler\u00e0 tra i vicoli di Bergamo Alta per poi scendere e tornare di nuovo a Cassano d&#8217;Adda. Il tutto in 75km e 700mt di dislivello. <\/p>\n\n\n\n<p>Il fondo cambia continuamente: asfalto, terra, sassi, ghiaia ed il ciottolato della citt\u00e0 alta!<\/p>\n\n\n\n<p>Il secondo e il pi\u00f9 lungo (100km con 1300m di dilivello) \u00e8 il <strong>POLENTA TARAGNA<\/strong>. Ricalca parzialmente il percorso corto, ma poi una volta scesi dalla citt\u00e0 alta girerete la bici verso Mapello e da l\u00ec si ricomincia a salire. <\/p>\n\n\n\n<p>Asfalto, ghiaia e sentieri facili per poi scendere nuovamente verso il fiume Adda e ritornare al punto di partenza. <\/p>\n\n\n\n<div class=\"wp-block-ugb-count-up ugb-count-up ugb-e2afd86 ugb-countup--v4 ugb-countup--columns-2 ugb-main-block\"><style>.ugb-e2afd86 .ugb-countup__counter{margin-bottom:6px !important}.ugb-e2afd86 .ugb-countup__title{margin-bottom:5px !important}<\/style><div class=\"ugb-inner-block\"><div class=\"ugb-block-content\"><div class=\"ugb-countup__item ugb-countup__item1\"><h4 class=\"ugb-countup__title\">Percorso CASONCELLI<\/h4><div class=\"ugb-countup__counter\" data-duration=\"1000\" data-delay=\"16\">75km<\/div><p class=\"ugb-countup__description\">700m dislivello<\/p><\/div><div class=\"ugb-countup__item ugb-countup__item2\"><h4 class=\"ugb-countup__title\">Percorso POLENTA TARAGNA<\/h4><div class=\"ugb-countup__counter\" data-duration=\"1000\" data-delay=\"16\">100km<\/div><p class=\"ugb-countup__description\">1300m dislivello<\/p><\/div><\/div><\/div><\/div>\n\n\n\n<p>Tanta fatica ma anche degli splendidi punti in cui fermarsi ed ammirare il panorama!\u00a0<\/p>\n\n\n\n<div class=\"wp-block-image\"><figure class=\"aligncenter size-large\"><img decoding=\"async\" width=\"1024\" height=\"372\" src=\"https:\/\/lavia.cc\/blog\/wp-content\/uploads\/2021\/10\/1a69c5fe709bd81de0a5117e5a1cbf4e_f8eaabd9-1024x372.jpg\" alt=\"\" class=\"wp-image-3533\" srcset=\"https:\/\/lavia.cc\/blog\/wp-content\/uploads\/2021\/10\/1a69c5fe709bd81de0a5117e5a1cbf4e_f8eaabd9-1024x372.jpg 1024w, https:\/\/lavia.cc\/blog\/wp-content\/uploads\/2021\/10\/1a69c5fe709bd81de0a5117e5a1cbf4e_f8eaabd9-300x109.jpg 300w, https:\/\/lavia.cc\/blog\/wp-content\/uploads\/2021\/10\/1a69c5fe709bd81de0a5117e5a1cbf4e_f8eaabd9-768x279.jpg 768w, https:\/\/lavia.cc\/blog\/wp-content\/uploads\/2021\/10\/1a69c5fe709bd81de0a5117e5a1cbf4e_f8eaabd9-1536x558.jpg 1536w, https:\/\/lavia.cc\/blog\/wp-content\/uploads\/2021\/10\/1a69c5fe709bd81de0a5117e5a1cbf4e_f8eaabd9.jpg 1580w\" sizes=\"(max-width: 1024px) 100vw, 1024px\" \/><figcaption>La Val d&#8217;Astino<\/figcaption><\/figure><\/div>\n\n\n\n<p>I percorsi non saranno segnalati per cui si consiglia di avere con s\u00e9 un navigatore satellitare con la traccia caricata.<\/p>\n\n\n\n<p>Ci sar\u00e0 ovviamente anche il terzo tempo con birre artigianali, salumi e formaggi nostrani, che si svolger\u00e0 presso l&#8217;<a href=\"https:\/\/www.google.it\/maps\/place\/OASI+OLIMPIA\/@45.520221,9.5392576,15z\/data=!4m5!3m4!1s0x0:0x8677f336ab7c5033!8m2!3d45.520221!4d9.5392576\" target=\"_blank\" rel=\"noreferrer noopener\">Oasi Olimpia<\/a> di Cassano d\u2019Adda.<\/p>\n\n\n\n<p>Non perdetevi la prima edizione della Bergamo Gravel!<\/p>\n\n\n\n<p>Per restare aggiornati e avere maggiori info sul raduno vi consigliamo di seguire la pagina Instagram <a href=\"https:\/\/www.instagram.com\/grvcycling\/\" target=\"_blank\" rel=\"noreferrer noopener\">@grvcycling<\/a>.<\/p>\n","protected":false},"excerpt":{"rendered":"<p>Finalmente \u00e8 ufficiale la data della prima edizione del raduno Bergamo Gravel: 10\/10\/2021 Il primo appuntamento con il\u00a0gravel raduno bergamasco porter\u00e0 i partecipanti a pedalare dalla bassa fino alla cima della citt\u00e0 alta di Bergamo. Si parte da Cassano d&#8217;Adda (anche se non \u00e8 in provincia di Bergamo) e si risale verso nord lungo le [&hellip;]<\/p>\n","protected":false},"author":1,"featured_media":3522,"comment_status":"open","ping_status":"open","sticky":false,"template":"","format":"standard","meta":{"om_disable_all_campaigns":false,"footnotes":""},"categories":[27,22],"tags":[32,34],"class_list":["post-3518","post","type-post","status-publish","format-standard","has-post-thumbnail","hentry","category-eventi","category-gravel","tag-bergamo","tag-lombardia"],"blocksy_meta":{"styles_descriptor":{"styles":{"desktop":"","tablet":"","mobile":""},"google_fonts":[],"version":6}},"featured_image_urls_v2":{"full":["https:\/\/lavia.cc\/blog\/wp-content\/uploads\/2021\/10\/bergamo-gravel.png",1214,840,false],"thumbnail":["https:\/\/lavia.cc\/blog\/wp-content\/uploads\/2021\/10\/bergamo-gravel-150x150.png",150,150,true],"medium":["https:\/\/lavia.cc\/blog\/wp-content\/uploads\/2021\/10\/bergamo-gravel-300x208.png",300,208,true],"medium_large":["https:\/\/lavia.cc\/blog\/wp-content\/uploads\/2021\/10\/bergamo-gravel-768x531.png",768,531,true],"large":["https:\/\/lavia.cc\/blog\/wp-content\/uploads\/2021\/10\/bergamo-gravel-1024x709.png",1024,709,true],"1536x1536":["https:\/\/lavia.cc\/blog\/wp-content\/uploads\/2021\/10\/bergamo-gravel.png",1214,840,false],"2048x2048":["https:\/\/lavia.cc\/blog\/wp-content\/uploads\/2021\/10\/bergamo-gravel.png",1214,840,false]},"post_excerpt_stackable_v2":"<p>Finalmente \u00e8 ufficiale la data della prima edizione del raduno Bergamo Gravel: 10\/10\/2021 Il primo appuntamento con il\u00a0gravel raduno bergamasco porter\u00e0 i partecipanti a pedalare dalla bassa fino alla cima della citt\u00e0 alta di Bergamo. Si parte da Cassano d&#8217;Adda (anche se non \u00e8 in provincia di Bergamo) e si risale verso nord lungo le sponde del fiume Brembo per poi salire a Bergamo Alta passando per la Val d&#8217;Astino. Vista su Bergamo Alta Il raduno \u00e8 completamente gratuito ma per partecipare \u00e8 necessaria la registrazione tramite il seguente link: https:\/\/www.eventbrite.it\/e\/163332775729. Per questa prima edizione, come specificato dagli organizzatori, le&hellip;<\/p>\n","category_list_v2":"<a href=\"https:\/\/lavia.cc\/blog\/category\/eventi\/\" rel=\"category tag\">Eventi<\/a>, <a href=\"https:\/\/lavia.cc\/blog\/category\/gravel\/\" rel=\"category tag\">Gravel<\/a>","author_info_v2":{"name":"LAVIA","url":"https:\/\/lavia.cc\/blog\/author\/lavia-website\/"},"comments_num_v2":"0 commenti","_links":{"self":[{"href":"https:\/\/lavia.cc\/blog\/wp-json\/wp\/v2\/posts\/3518","targetHints":{"allow":["GET"]}}],"collection":[{"href":"https:\/\/lavia.cc\/blog\/wp-json\/wp\/v2\/posts"}],"about":[{"href":"https:\/\/lavia.cc\/blog\/wp-json\/wp\/v2\/types\/post"}],"author":[{"embeddable":true,"href":"https:\/\/lavia.cc\/blog\/wp-json\/wp\/v2\/users\/1"}],"replies":[{"embeddable":true,"href":"https:\/\/lavia.cc\/blog\/wp-json\/wp\/v2\/comments?post=3518"}],"version-history":[{"count":11,"href":"https:\/\/lavia.cc\/blog\/wp-json\/wp\/v2\/posts\/3518\/revisions"}],"predecessor-version":[{"id":3540,"href":"https:\/\/lavia.cc\/blog\/wp-json\/wp\/v2\/posts\/3518\/revisions\/3540"}],"wp:featuredmedia":[{"embeddable":true,"href":"https:\/\/lavia.cc\/blog\/wp-json\/wp\/v2\/media\/3522"}],"wp:attachment":[{"href":"https:\/\/lavia.cc\/blog\/wp-json\/wp\/v2\/media?parent=3518"}],"wp:term":[{"taxonomy":"category","embeddable":true,"href":"https:\/\/lavia.cc\/blog\/wp-json\/wp\/v2\/categories?post=3518"},{"taxonomy":"post_tag","embeddable":true,"href":"https:\/\/lavia.cc\/blog\/wp-json\/wp\/v2\/tags?post=3518"}],"curies":[{"name":"wp","href":"https:\/\/api.w.org\/{rel}","templated":true}]}}