{"id":3636,"date":"2021-11-02T21:17:29","date_gmt":"2021-11-02T20:17:29","guid":{"rendered":"https:\/\/lavia.cc\/blog\/?p=3636"},"modified":"2024-11-23T16:56:03","modified_gmt":"2024-11-23T15:56:03","slug":"trekking-sul-calderon-hondo-fuerteventura","status":"publish","type":"post","link":"https:\/\/lavia.cc\/blog\/trekking-sul-calderon-hondo-fuerteventura\/","title":{"rendered":"Alba sul Calder\u00f3n Hondo, il vulcano pi\u00f9 accessibile d&#8217;Europa"},"content":{"rendered":"\n<div class=\"wp-block-stackable-heading stk-block-heading stk-block stk-fbbdc4b\" id=\"strong-splendida-escursione-sul-vulcano-meglio-conservato-di-fuerteventura-strong\" data-block-id=\"fbbdc4b\"><h2 class=\"stk-block-heading__text\"><strong>Splendida escursione sul vulcano meglio conservato di Fuerteventura<\/strong>.<\/h2><\/div>\n\n\n\n<p>Una delle esperienze che pi\u00f9 ci ha affascinato nel nostro viaggio a <strong>Fuerteventura<\/strong> \u00e8 sicuramente il <a href=\"https:\/\/lavia.cc\/blog\/category\/trekking\/\">trekking<\/a> all&#8217;alba sul <strong>Calder\u00f3n Hondo<\/strong>, un vulcano situato nel nord di questa bellissima isola.<\/p>\n\n\n\n<div class=\"wp-block-buttons is-layout-flex wp-block-buttons-is-layout-flex\">\n<div class=\"wp-block-button aligncenter\"><a class=\"wp-block-button__link\" href=\"https:\/\/lavia.cc\/gpx\/tracce\/trekking-sul-vulcano-il-calderon-hondo\/\" target=\"_blank\" rel=\"noreferrer noopener\">Clicca qui per scarica la TRACCIA GPX!<\/a><\/div>\n<\/div>\n\n\n\n<p>Questo <strong>vulcano <\/strong>non \u00e8 il solo sull\u2019isola, ma \u00e8 quello meglio conservato e anche il pi\u00f9 facilmente accessibile.<\/p>\n\n\n\n<p>La salita \u00e8 semplicissima e <strong>adatta a tutti<\/strong>.&nbsp;<\/p>\n\n\n\n<p>Inoltre, la sua posizione tra le citt\u00e0 di <strong>Lajares <\/strong>e <strong>Corralejo<\/strong>, permette di ammirare l\u2019isola a 360 gradi, dal Parco Naturale delle Dune di Corralejo all&#8217;appartato villaggio di pescatori di <strong>Majanicho<\/strong>.&nbsp;<\/p>\n\n\n\n<div class=\"wp-block-stackable-columns stk-block-columns stk--hide-mobile stk-block stk-c777795\" data-block-id=\"c777795\"><style>.stk-c777795-column{justify-content:center !important}<\/style><div class=\"stk-row stk-inner-blocks stk-block-content stk-content-align stk-c777795-column stk--fit-content alignwide\">\n<div class=\"wp-block-stackable-column stk-block-column stk-block-column--v2 stk-column stk-block stk-a6b5256\" data-block-id=\"a6b5256\"><div class=\"stk-column-wrapper stk-block-column__content stk-container stk-a6b5256-container stk--no-background stk--no-padding\"><div class=\"stk-block-content stk-inner-blocks stk-a6b5256-inner-blocks\">\n<iframe height=\"405\" width=\"590\" frameborder=\"0\" allowtransparency=\"true\" scrolling=\"no\" src=\"https:\/\/www.strava.com\/activities\/6237201166\/embed\/a1a57f50659e56e28030a7d953e1f56848583d44\"><\/iframe>\n<\/div><\/div><\/div>\n<\/div><\/div>\n\n\n\n<div class=\"wp-block-buttons is-layout-flex wp-block-buttons-is-layout-flex\">\n<div class=\"wp-block-button aligncenter\"><a class=\"wp-block-button__link\" href=\"https:\/\/lavia.cc\/gpx\/tracce\/trekking-sul-vulcano-il-calderon-hondo\/\" target=\"_blank\" rel=\"noreferrer noopener\">Clicca qui per scaricare la TRACCIA GPX!<\/a><\/div>\n<\/div>\n\n\n\n<p>Vediamo nelle prossime righe alcuni consigli utili per pianificare al meglio il trekking sul <strong>Calder\u00f3n Hondo<\/strong> di Fuerteventura.<\/p>\n\n\n\n<div class=\"wp-block-stackable-heading stk-block-heading stk-block stk-c3db05a\" id=\"strong-come-arrivare-al-calderon-hondo-strong\" data-block-id=\"c3db05a\"><h2 class=\"stk-block-heading__text\"><strong>Come arrivare al Calder\u00f3n Hondo?<\/strong><\/h2><\/div>\n\n\n\n<p>Il <strong>sentiero che abbiamo seguito<\/strong>, e che vi consigliamo, parte dal piccolo paese di Lajares, situato a soli 4 chilometri dal vulcano.<\/p>\n\n\n\n<p>Per trovare il <strong>punto di partenza<\/strong>, una volta arrivati a Lajares, seguite le indicazioni per il <em>campo de futbol<\/em>. <\/p>\n\n\n\n<p>Appena lo superate, svoltate a sinistra, nella strada asfaltata che porta a <strong>Majanicho<\/strong> e dopo circa un km, sulla destra, troverete un piccolo <strong>parcheggio <\/strong>dove lasciare l\u2019auto (<a href=\"https:\/\/www.google.it\/maps\/place\/Start+of+hiking+Lajares\/@28.6889097,-13.9316673,20.73z\/data=!4m13!1m7!3m6!1s0xc464aa934679003:0x925e0b5d2979cb30!2sCalder%C3%B3n+Hondo!3b1!8m2!3d28.7003451!4d-13.9199812!3m4!1s0xc47b54c7fcb751d:0xaf9e3792d7023a40!8m2!3d28.6887874!4d-13.9316303?hl=it\" target=\"_blank\" rel=\"noreferrer noopener\">Google Maps<\/a>).<\/p>\n\n\n\n<p>Noterete subito il vulcano, che si vede chiaramente in lontananza.<\/p>\n\n\n\n<p>Da qui parte il <strong>sentiero FV-2<\/strong> e seguendo le indicazioni si arriva presto ad un bivio. <\/p>\n\n\n\n<figure class=\"wp-block-image aligncenter size-large\"><img fetchpriority=\"high\" decoding=\"async\" width=\"1024\" height=\"681\" src=\"http:\/\/lavia.cc\/blog\/wp-content\/uploads\/2021\/11\/inizio-sentiero-1024x681.png\" alt=\"Inzio sentiero Calder\u00f3n Hondo\" class=\"wp-image-3646\" title=\"Inizio sentiero Calder\u00f3n Hondo\" srcset=\"https:\/\/lavia.cc\/blog\/wp-content\/uploads\/2021\/11\/inizio-sentiero-1024x681.png 1024w, https:\/\/lavia.cc\/blog\/wp-content\/uploads\/2021\/11\/inizio-sentiero-300x199.png 300w, https:\/\/lavia.cc\/blog\/wp-content\/uploads\/2021\/11\/inizio-sentiero-768x511.png 768w, https:\/\/lavia.cc\/blog\/wp-content\/uploads\/2021\/11\/inizio-sentiero-1536x1021.png 1536w, https:\/\/lavia.cc\/blog\/wp-content\/uploads\/2021\/11\/inizio-sentiero.png 1540w\" sizes=\"(max-width: 1024px) 100vw, 1024px\" \/><figcaption>Inizio del sentiero<\/figcaption><\/figure>\n\n\n\n<p>Il <strong>percorso di sinistra<\/strong> \u00e8 il pi\u00f9 panoramico ma leggermente pi\u00f9 ripido.<\/p>\n\n\n\n<p>Se siete in compagnia di bambini \u00e8 pi\u00f9 indicato quello di destra, meno ripido e sassoso.<\/p>\n\n\n\n<p>Durante l&#8217;ascesa di circa 3 chilometri <strong>(35 minuti)<\/strong>, intorno a voi vedrete le viste sempre pi\u00f9 spettacolari dello straordinario paesaggio vulcanico e della pianura in cui \u00e8 incastonato.&nbsp;<\/p>\n\n\n\n<p>Appena sotto la vetta del Calder\u00f3n Hondo, la salita diventa un po&#8217; pi\u00f9 ripida, ma una volta raggiunta la cima, vedrete subito che tutti i vostri sforzi e la vostra fatica non sono stati vani.&nbsp;<\/p>\n\n\n\n<figure class=\"wp-block-image size-large\"><img decoding=\"async\" width=\"1024\" height=\"768\" src=\"https:\/\/lavia.cc\/blog\/wp-content\/uploads\/2021\/11\/Vista-sopra-1024x768.jpg\" alt=\"vista da sopra Calder\u00f3n Hondo\" class=\"wp-image-3649\" title=\"Calder\u00f3n Hondo\" srcset=\"https:\/\/lavia.cc\/blog\/wp-content\/uploads\/2021\/11\/Vista-sopra-1024x768.jpg 1024w, https:\/\/lavia.cc\/blog\/wp-content\/uploads\/2021\/11\/Vista-sopra-300x225.jpg 300w, https:\/\/lavia.cc\/blog\/wp-content\/uploads\/2021\/11\/Vista-sopra-768x576.jpg 768w, https:\/\/lavia.cc\/blog\/wp-content\/uploads\/2021\/11\/Vista-sopra-1536x1152.jpg 1536w, https:\/\/lavia.cc\/blog\/wp-content\/uploads\/2021\/11\/Vista-sopra-2048x1536.jpg 2048w\" sizes=\"(max-width: 1024px) 100vw, 1024px\" \/><\/figure>\n\n\n\n<p>A un&#8217;altitudine di 278 metri, la vista dal vulcano \u00e8 <strong>semplicemente sbalorditiva<\/strong>, offrendo un ampio panorama del nord di Fuerteventura e dei suoi campi di lava, oltre alle isole di Lobos e Lanzarote in lontananza.&nbsp;<\/p>\n\n\n\n<p>Molto probabilmente sulla vetta troverete a farvi compagnia i simpaticissimi <strong>scoiattolini<\/strong>, presenti praticamente ovunque sull\u2019isola.<\/p>\n\n\n\n<figure class=\"wp-block-image size-large\"><img decoding=\"async\" width=\"1024\" height=\"768\" src=\"https:\/\/lavia.cc\/blog\/wp-content\/uploads\/2021\/11\/crater-1024x768.jpg\" alt=\"\" class=\"wp-image-3656\" srcset=\"https:\/\/lavia.cc\/blog\/wp-content\/uploads\/2021\/11\/crater-1024x768.jpg 1024w, https:\/\/lavia.cc\/blog\/wp-content\/uploads\/2021\/11\/crater-300x225.jpg 300w, https:\/\/lavia.cc\/blog\/wp-content\/uploads\/2021\/11\/crater-768x576.jpg 768w, https:\/\/lavia.cc\/blog\/wp-content\/uploads\/2021\/11\/crater-1536x1152.jpg 1536w, https:\/\/lavia.cc\/blog\/wp-content\/uploads\/2021\/11\/crater-2048x1536.jpg 2048w\" sizes=\"(max-width: 1024px) 100vw, 1024px\" \/><figcaption>Vista sul cratere del vulcano<\/figcaption><\/figure>\n\n\n\n<p>Vi suggeriamo la visita del Calder\u00f3n Hondo all\u2019<strong>alba o al tramonto<\/strong>, quando l&#8217;impatto dell&#8217;esperienza \u00e8 ulteriormente accentuato dalla luce e se il tempo non \u00e8 troppo ventoso, la<strong> camminata intorno al cratere<\/strong> \u00e8 d\u2019obbligo per godere dell&#8217;intera gamma di panorami che offre l\u2019isola di Fuerteventura!<\/p>\n","protected":false},"excerpt":{"rendered":"<p>Splendida escursione sul vulcano meglio conservato di Fuerteventura. Una delle esperienze che pi\u00f9 ci ha affascinato nel nostro viaggio a Fuerteventura \u00e8 sicuramente il trekking all&#8217;alba sul Calder\u00f3n Hondo, un vulcano situato nel nord di questa bellissima isola. Questo vulcano non \u00e8 il solo sull\u2019isola, ma \u00e8 quello meglio conservato e anche il pi\u00f9 facilmente [&hellip;]<\/p>\n","protected":false},"author":1,"featured_media":3651,"comment_status":"open","ping_status":"open","sticky":false,"template":"","format":"standard","meta":{"om_disable_all_campaigns":false,"footnotes":""},"categories":[23],"tags":[41],"class_list":["post-3636","post","type-post","status-publish","format-standard","has-post-thumbnail","hentry","category-trekking","tag-spagna"],"blocksy_meta":{"styles_descriptor":{"styles":{"desktop":"","tablet":"","mobile":""},"google_fonts":[],"version":6}},"featured_image_urls_v2":{"full":["https:\/\/lavia.cc\/blog\/wp-content\/uploads\/2021\/11\/IMG_20211020_082828-scaled.jpg",1920,2560,false],"thumbnail":["https:\/\/lavia.cc\/blog\/wp-content\/uploads\/2021\/11\/IMG_20211020_082828-150x150.jpg",150,150,true],"medium":["https:\/\/lavia.cc\/blog\/wp-content\/uploads\/2021\/11\/IMG_20211020_082828-225x300.jpg",225,300,true],"medium_large":["https:\/\/lavia.cc\/blog\/wp-content\/uploads\/2021\/11\/IMG_20211020_082828-768x1024.jpg",768,1024,true],"large":["https:\/\/lavia.cc\/blog\/wp-content\/uploads\/2021\/11\/IMG_20211020_082828-768x1024.jpg",768,1024,true],"1536x1536":["https:\/\/lavia.cc\/blog\/wp-content\/uploads\/2021\/11\/IMG_20211020_082828-1152x1536.jpg",1152,1536,true],"2048x2048":["https:\/\/lavia.cc\/blog\/wp-content\/uploads\/2021\/11\/IMG_20211020_082828-1536x2048.jpg",1536,2048,true]},"post_excerpt_stackable_v2":"<p>Splendida escursione sul vulcano meglio conservato di Fuerteventura. Una delle esperienze che pi\u00f9 ci ha affascinato nel nostro viaggio a Fuerteventura \u00e8 sicuramente il trekking all&#8217;alba sul Calder\u00f3n Hondo, un vulcano situato nel nord di questa bellissima isola. Clicca qui per scarica la TRACCIA GPX! Questo vulcano non \u00e8 il solo sull\u2019isola, ma \u00e8 quello meglio conservato e anche il pi\u00f9 facilmente accessibile. La salita \u00e8 semplicissima e adatta a tutti.&nbsp; Inoltre, la sua posizione tra le citt\u00e0 di Lajares e Corralejo, permette di ammirare l\u2019isola a 360 gradi, dal Parco Naturale delle Dune di Corralejo all&#8217;appartato villaggio di pescatori&hellip;<\/p>\n","category_list_v2":"<a href=\"https:\/\/lavia.cc\/blog\/category\/trekking\/\" rel=\"category tag\">Trekking<\/a>","author_info_v2":{"name":"LAVIA","url":"https:\/\/lavia.cc\/blog\/author\/lavia-website\/"},"comments_num_v2":"0 commenti","_links":{"self":[{"href":"https:\/\/lavia.cc\/blog\/wp-json\/wp\/v2\/posts\/3636","targetHints":{"allow":["GET"]}}],"collection":[{"href":"https:\/\/lavia.cc\/blog\/wp-json\/wp\/v2\/posts"}],"about":[{"href":"https:\/\/lavia.cc\/blog\/wp-json\/wp\/v2\/types\/post"}],"author":[{"embeddable":true,"href":"https:\/\/lavia.cc\/blog\/wp-json\/wp\/v2\/users\/1"}],"replies":[{"embeddable":true,"href":"https:\/\/lavia.cc\/blog\/wp-json\/wp\/v2\/comments?post=3636"}],"version-history":[{"count":28,"href":"https:\/\/lavia.cc\/blog\/wp-json\/wp\/v2\/posts\/3636\/revisions"}],"predecessor-version":[{"id":4635,"href":"https:\/\/lavia.cc\/blog\/wp-json\/wp\/v2\/posts\/3636\/revisions\/4635"}],"wp:featuredmedia":[{"embeddable":true,"href":"https:\/\/lavia.cc\/blog\/wp-json\/wp\/v2\/media\/3651"}],"wp:attachment":[{"href":"https:\/\/lavia.cc\/blog\/wp-json\/wp\/v2\/media?parent=3636"}],"wp:term":[{"taxonomy":"category","embeddable":true,"href":"https:\/\/lavia.cc\/blog\/wp-json\/wp\/v2\/categories?post=3636"},{"taxonomy":"post_tag","embeddable":true,"href":"https:\/\/lavia.cc\/blog\/wp-json\/wp\/v2\/tags?post=3636"}],"curies":[{"name":"wp","href":"https:\/\/api.w.org\/{rel}","templated":true}]}}