{"id":5291,"date":"2025-03-04T17:31:43","date_gmt":"2025-03-04T16:31:43","guid":{"rendered":"https:\/\/lavia.cc\/blog\/?p=5291"},"modified":"2025-03-04T17:49:12","modified_gmt":"2025-03-04T16:49:12","slug":"5-libri-imperdibili-per-chi-ama-la-montagna","status":"publish","type":"post","link":"https:\/\/lavia.cc\/blog\/5-libri-imperdibili-per-chi-ama-la-montagna\/","title":{"rendered":"5 libri imperdibili per chi ama la montagna: avventure, storie e riflessioni ad alta quota"},"content":{"rendered":"\n<p>La montagna non \u00e8 solo un luogo fisico, ma un universo di storie, emozioni e sfide che da sempre affascinano scrittori e lettori. Che si tratti di imprese alpinistiche, racconti di <a href=\"https:\/\/lavia.cc\/gpx\/categoria-tracce\/escursionismo\/\">viaggio <\/a>o riflessioni sulla vita tra le vette, la letteratura di montagna offre pagine intrise di avventura, introspezione e amore per la natura. In questo articolo, ti consigliamo cinque libri imperdibili che esplorano il rapporto tra uomo e montagna, attraverso esperienze, leggende e paesaggi mozzafiato. Dalle valli selvagge raccontate da Paolo Cognetti alle imprese estreme di Herv\u00e9 Barmasse, fino alle storie di uomini e cime narrate da Marco Albino Ferrari, Mauro Corona e Paolo Rumiz: preparati a un viaggio tra le pagine e i sentieri pi\u00f9 affascinanti della letteratura di montagna.<\/p>\n\n\n\n<div class=\"wp-block-stackable-heading stk-block-heading stk-block-heading--v2 stk-block stk-66f29f4\" id=\"1-strong-le-otto-montagne-di-paolo-cognetti-strong\" data-block-id=\"66f29f4\"><h4 class=\"stk-block-heading__text\">1. <strong>Le Otto Montagne di Paolo Cognetti<\/strong><\/h4><\/div>\n\n\n\n<div class=\"wp-block-stackable-image stk-block-image stk-block stk-03df394\" data-block-id=\"03df394\"><style>.stk-03df394 {margin-bottom:0px !important;}.stk-03df394 .stk-img-wrapper{aspect-ratio:2\/3 !important;width:76% !important;height:auto !important;}.stk-03df394 .stk-img-wrapper img{transform:scale(0.94) !important;object-fit:cover !important;}@media screen and (max-width:999px){.stk-03df394 .stk-img-wrapper{height:auto !important;}}@media screen and (max-width:689px){.stk-03df394 .stk-img-wrapper{height:auto !important;}}<\/style><figure><span class=\"stk-img-wrapper stk-image--shape-stretch\"><img fetchpriority=\"high\" decoding=\"async\" class=\"stk-img wp-image-5302\" src=\"http:\/\/lavia.cc\/blog\/wp-content\/uploads\/2025\/03\/1-1.jpeg\" width=\"700\" height=\"1080\" alt=\"5 libri imperdibili per chi ama la montagna\" srcset=\"https:\/\/lavia.cc\/blog\/wp-content\/uploads\/2025\/03\/1-1.jpeg 700w, https:\/\/lavia.cc\/blog\/wp-content\/uploads\/2025\/03\/1-1-194x300.jpeg 194w, https:\/\/lavia.cc\/blog\/wp-content\/uploads\/2025\/03\/1-1-664x1024.jpeg 664w\" sizes=\"(max-width: 700px) 100vw, 700px\" \/><\/span><\/figure><\/div>\n\n\n\n<p>Le Otto Montagne \u00e8 un romanzo che racconta la storia di un&#8217;amicizia tra due bambini e di come la montagna, la natura selvaggia e la vita semplice dei montanari abbiano influenzato la loro vita e le loro scelte. Il libro esplora temi come la crescita personale, la scoperta di s\u00e9 e la relazione tra l&#8217;uomo e la natura.<\/p>\n\n\n\n<div class=\"wp-block-stackable-heading stk-block-heading stk-block-heading--v2 stk-block stk-7dc84dd\" id=\"2-strong-alpi-segrete-storie-di-uomini-e-di-montagne-di-marco-albino-ferrari-strong\" data-block-id=\"7dc84dd\"><h4 class=\"stk-block-heading__text\">2. <strong>Alpi segrete. Storie di uomini e di montagne di Marco Albino Ferrari<\/strong><\/h4><\/div>\n\n\n\n<div class=\"wp-block-stackable-image stk-block-image stk-block stk-ed40cf4\" data-block-id=\"ed40cf4\"><style>.stk-ed40cf4 {margin-bottom:8px !important;}.stk-ed40cf4 .stk-img-wrapper{width:400px !important;height:599px !important;}.stk-ed40cf4 .stk-img-wrapper img{object-fit:cover !important;}<\/style><figure><span class=\"stk-img-wrapper stk-image--shape-stretch\"><img decoding=\"async\" class=\"stk-img wp-image-5303\" src=\"http:\/\/lavia.cc\/blog\/wp-content\/uploads\/2025\/03\/2-1.jpg\" width=\"700\" height=\"1080\" alt=\"5 libri imperdibili per chi ama la montagna\" srcset=\"https:\/\/lavia.cc\/blog\/wp-content\/uploads\/2025\/03\/2-1.jpg 700w, https:\/\/lavia.cc\/blog\/wp-content\/uploads\/2025\/03\/2-1-194x300.jpg 194w, https:\/\/lavia.cc\/blog\/wp-content\/uploads\/2025\/03\/2-1-664x1024.jpg 664w\" sizes=\"(max-width: 700px) 100vw, 700px\" \/><\/span><\/figure><\/div>\n\n\n\n<p>Pochi sanno delle Alpi segrete. Eppure lass\u00f9 si nascondono itinerari e storie che non si faranno dimenticare. &#8220;Le Alpi segrete sono isole meno note del grande arcipelago alpino. Isole dove sopravvive la convinzione che esistano tipi fisici speciali, o dove si trovano i segreti di vecchi alpinisti, o dove ricompare l&#8217;orso, o dove si riscoprono antiche chiese affrescate. Le Alpi segrete sono spazi sfuggiti a quel turismo che mira alla definizione di rassicuranti stereotipi. Sono invisibili perch\u00e9 programmaticamente ignorate dalla nostra cultura.&#8221; Quando si dice Alpi, i pi\u00f9 pensano subito alle solite (poche) cime famose: il Cervino, il Monte Bianco, il Gran Paradiso, le Dolomiti. Oppure alle localit\u00e0 pi\u00f9 alla moda. In realt\u00e0 questi luoghi dell&#8217;industria del turismo non sono che spazi circoscritti. Oltre alle montagne da cartolina, si apre, infatti, il vasto &#8216;mare alpino&#8217;, un mondo appartato, in gran parte sconosciuto. Marco Albino Ferrari, che nel corso degli ultimi vent&#8217;anni ha percorso quelle vallate e quelle cime, racconta le loro storie e ci accompagna fra meraviglie ormai destinate a sparire nell&#8217;oblio, fra i ricordi dell&#8217;antica societ\u00e0 montanara e l&#8217;epica della scoperta delle alte quote.<\/p>\n\n\n\n<div class=\"wp-block-stackable-heading stk-block-heading stk-block-heading--v2 stk-block stk-d1f81a1\" id=\"strong-3-i-misteri-della-montagna-di-mauro-corona-strong\" data-block-id=\"d1f81a1\"><h4 class=\"stk-block-heading__text\"><strong>3. I misteri della montagna di Mauro Corona<\/strong><\/h4><\/div>\n\n\n\n<div class=\"wp-block-stackable-image stk-block-image stk-block stk-608f46e\" data-block-id=\"608f46e\"><style>.stk-608f46e .stk-img-wrapper{aspect-ratio:2\/3 !important;width:395px !important;height:auto !important;}.stk-608f46e .stk-img-wrapper img{object-fit:cover !important;}@media screen and (max-width:999px){.stk-608f46e .stk-img-wrapper{height:auto !important;}}@media screen and (max-width:689px){.stk-608f46e .stk-img-wrapper{height:auto !important;}}<\/style><figure><span class=\"stk-img-wrapper stk-image--shape-stretch\"><img decoding=\"async\" class=\"stk-img wp-image-5304\" src=\"http:\/\/lavia.cc\/blog\/wp-content\/uploads\/2025\/03\/3-1.jpg\" width=\"700\" height=\"1080\" alt=\"5 libri imperdibili per chi ama la montagna\" srcset=\"https:\/\/lavia.cc\/blog\/wp-content\/uploads\/2025\/03\/3-1.jpg 700w, https:\/\/lavia.cc\/blog\/wp-content\/uploads\/2025\/03\/3-1-194x300.jpg 194w, https:\/\/lavia.cc\/blog\/wp-content\/uploads\/2025\/03\/3-1-664x1024.jpg 664w\" sizes=\"(max-width: 700px) 100vw, 700px\" \/><\/span><\/figure><\/div>\n\n\n\n<p>Non tutti hanno la capacit\u00e0 di comprendere fino in fondo i segreti della montagna. Vedono le cime come blocchi turriti, pilastri di roccia scabri e senza valore, ammassi di pietre inutili sorti per un capriccio del tempo. Basta, per\u00f2, alzare lo sguardo ed essere sovrastati dall\u2019imponenza del mare verticale, con i suoi milioni di granelli di sabbia, per sentire nascere lo stupore. Lo stupore che genera domande. Le domande che generano misteri: chi ci sar\u00e0 lass\u00f9? Vi abita qualcuno? E, se esiste, come sar\u00e0 fatto? Nei boschi, tra le rocce, dentro l\u2019alba, sotto le foglie, sulle vette ancora inesplorate. L\u00e0 dormono i segreti della montagna. Mauro Corona ci accompagna ancora una volta a scoprirli, tendendoci la mano, aiutandoci a salire. E se, in solitudine, saremo capaci di avvertire le presenze nascoste nel buio, avremo fatto il passo decisivo per capire che inseguire i misteri della montagna non vuol dire nient\u2019altro che ricercare noi stessi, andando alle origini delle nostre paure. Dobbiamo solo farci trovare pronti per questa nuova, indimenticabile, avventura.<\/p>\n\n\n\n<div class=\"wp-block-stackable-heading stk-block-heading stk-block-heading--v2 stk-block stk-b930a49\" id=\"strong-4-la-leggenda-dei-monti-naviganti-di-paolo-rumiz-strong\" data-block-id=\"b930a49\"><h4 class=\"stk-block-heading__text\"><strong>4. La leggenda dei monti naviganti di Paolo Rumiz<\/strong><\/h4><\/div>\n\n\n\n<div class=\"wp-block-stackable-image stk-block-image stk-block stk-7119aa6\" data-block-id=\"7119aa6\"><style>.stk-7119aa6 .stk-img-wrapper{aspect-ratio:2\/3 !important;width:75% !important;height:auto !important;}.stk-7119aa6 .stk-img-wrapper img{object-fit:cover !important;}@media screen and (max-width:999px){.stk-7119aa6 .stk-img-wrapper{height:auto !important;}}@media screen and (max-width:689px){.stk-7119aa6 .stk-img-wrapper{height:auto !important;}}<\/style><figure><span class=\"stk-img-wrapper stk-image--shape-stretch\"><img loading=\"lazy\" decoding=\"async\" class=\"stk-img wp-image-5305\" src=\"http:\/\/lavia.cc\/blog\/wp-content\/uploads\/2025\/03\/4-1.jpg\" width=\"700\" height=\"1080\" alt=\"5 libri imperdibili per chi ama la montagna\" srcset=\"https:\/\/lavia.cc\/blog\/wp-content\/uploads\/2025\/03\/4-1.jpg 700w, https:\/\/lavia.cc\/blog\/wp-content\/uploads\/2025\/03\/4-1-194x300.jpg 194w, https:\/\/lavia.cc\/blog\/wp-content\/uploads\/2025\/03\/4-1-664x1024.jpg 664w\" sizes=\"(max-width: 700px) 100vw, 700px\" \/><\/span><\/figure><\/div>\n\n\n\n<p>Che cosa sono le montagne italiane? Quale identit\u00e0 portano con s\u00e9? Alpi e Appennini disegnano, insieme, una sorta di grande punto interrogativo. Che ha due risposte diverse. Un viaggio di ottomila chilometri che cavalca la lunga gobba montuosa della Balena-Italia lungo Alpi e Appennini, dal golfo del Quarnaro (Fiume) a Capo Sud (punto pi\u00f9 meridionale della Penisola). Esso parte dal mare, arriva sul mare, naviga come un transatlantico con due murate affacciate sul mare, e lungo tutto il percorso evoca metafore marine, come di chi veleggiando forse vola &#8211; in un immenso arcipelago emerso. Trovi valli dove non esiste elettricit\u00e0, grandi vecchi come Bonatti o Rigoni Stern, ferrovie abitate da mufloni, case cantoniere e paracarri da leggenda, bivacchi sotto la pioggia in fondo a caverne, santuari dove divinit\u00e0 pre-romane sbucano continuamente dietro ai santi del calendario. E poi parroci bracconieri, custodi di rifugi leggendari, musicanti in cerca di radici come Francesco Guccini o Vinicio Capossela. Un&#8217;Italia di quota, dove la tv sembra raccontare storie di un altro pianeta. Le due parti del racconto, Alpi e Appennini, hanno andatura e metrica diversa. Le Alpi sono pilastri visibili, famosi; sono fatte di monoliti bene illuminati e sono transitate da grandi strade. Gli Appennini no: sono arcani, spopolati, dimenticati, nonostante in essi si annidi l&#8217;identit\u00e0 profonda della Nazione. Storie che scivolano e volano insieme ai luoghi e parlano della parte pi\u00f9 segreta del nostro paese.<\/p>\n\n\n\n<div class=\"wp-block-stackable-heading stk-block-heading stk-block-heading--v2 stk-block stk-19c5b4a\" id=\"5-strong-la-montagna-dentro-di-herve-barmasse-strong\" data-block-id=\"19c5b4a\"><h4 class=\"stk-block-heading__text\">5. <strong>La montagna dentro\u00a0 di Herv\u00e9 Barmasse<\/strong><\/h4><\/div>\n\n\n\n<div class=\"wp-block-stackable-image stk-block-image stk-block stk-1c295e2\" data-block-id=\"1c295e2\"><style>.stk-1c295e2 .stk-img-wrapper{aspect-ratio:2\/3 !important;width:75% !important;height:auto !important;}.stk-1c295e2 .stk-img-wrapper img{transform:scale(0.84) !important;object-fit:cover !important;}@media screen and (max-width:999px){.stk-1c295e2 .stk-img-wrapper{height:auto !important;}}@media screen and (max-width:689px){.stk-1c295e2 .stk-img-wrapper{height:auto !important;}}<\/style><figure><span class=\"stk-img-wrapper stk-image--shape-stretch\"><img loading=\"lazy\" decoding=\"async\" class=\"stk-img wp-image-5306\" src=\"https:\/\/lavia.cc\/blog\/wp-content\/uploads\/2025\/03\/5-1-664x1024.jpg\" width=\"664\" height=\"1024\" alt=\"5 libri imperdibili per chi ama la montagna\" srcset=\"https:\/\/lavia.cc\/blog\/wp-content\/uploads\/2025\/03\/5-1-664x1024.jpg 664w, https:\/\/lavia.cc\/blog\/wp-content\/uploads\/2025\/03\/5-1-194x300.jpg 194w, https:\/\/lavia.cc\/blog\/wp-content\/uploads\/2025\/03\/5-1.jpg 700w\" sizes=\"(max-width: 664px) 100vw, 664px\" \/><\/span><\/figure><\/div>\n\n\n\n<p>Herv\u00e9 Barmasse \u00e8 protagonista di scalate e avventure estreme. A sedici anni abbandona lo sci agonistico dopo un terribile incidente e deve reinventarsi. Il Cervino lo vede crescere e diventare uomo. Dopo ogni viaggio, dopo ogni salita su cime inviolate in terre lontane, ritorna alla sua montagna, scalandola in ogni stagione dell&#8217;anno e inventando nuove vie. Herv\u00e9 racconta se stesso, la sua storia, la passione, la fatica, l&#8217;emozione delle scalate. L&#8217;alpinista viene dopo l&#8217;uomo, che pure affronta imprese straordinarie. Queste pagine non sono la scontata esaltazione di un campione dell&#8217;estremo, piuttosto il racconto di cosa c&#8217;\u00e8 dietro l&#8217;avventura dell&#8217;alpinismo, dove il coraggio delle decisioni \u00e8 sempre intrecciato alla fragilit\u00e0 e alla paura. In parete, come nella vita.<\/p>\n\n\n\n<div class=\"wp-block-stackable-heading stk-block-heading stk-block-heading--v2 stk-block stk-8d5caff\" id=\"conclusione\" data-block-id=\"8d5caff\"><h4 class=\"stk-block-heading__text\">Conclusione<\/h4><\/div>\n\n\n\n<p>Questi cinque libri offrono prospettive diverse ma ugualmente affascinanti sul mondo della montagna, tra avventure, riflessioni e storie che lasciano il segno. Che tu sia un escursionista esperto, un amante delle vette o semplicemente qualcuno che sogna la montagna tra le pagine di un libro, queste letture sapranno regalarti emozioni profonde e spunti di ispirazione. La montagna, con la sua bellezza selvaggia e il suo richiamo silenzioso, continua a insegnarci il valore della sfida, della libert\u00e0 e del contatto con la natura. E tu, quale di questi libri leggerai per primo?<\/p>\n\n\n\n<p>Buona lettura e\u2026 buon viaggio tra le montagne della letteratura!<\/p>\n\n\n\n<p><a href=\"https:\/\/www.instagram.com\/lavia.cc\/\">\ud83d\udfe2 Segui LAVIA, arriva alla META!<\/a><\/p>\n\n\n\n<p><\/p>\n","protected":false},"excerpt":{"rendered":"<p>La montagna non \u00e8 solo un luogo fisico, ma un universo di storie, emozioni e sfide che da sempre affascinano scrittori e lettori. Che si tratti di imprese alpinistiche, racconti di viaggio o riflessioni sulla vita tra le vette, la letteratura di montagna offre pagine intrise di avventura, introspezione e amore per la natura. In [&hellip;]<\/p>\n","protected":false},"author":1,"featured_media":5294,"comment_status":"open","ping_status":"open","sticky":false,"template":"","format":"standard","meta":{"om_disable_all_campaigns":false,"footnotes":""},"categories":[24,69,25,26,23],"tags":[],"class_list":["post-5291","post","type-post","status-publish","format-standard","has-post-thumbnail","hentry","category-alpinismo","category-cammini","category-escursionismo","category-storie","category-trekking"],"blocksy_meta":[],"featured_image_urls_v2":{"full":["https:\/\/lavia.cc\/blog\/wp-content\/uploads\/2025\/03\/cover.jpg",1472,832,false],"thumbnail":["https:\/\/lavia.cc\/blog\/wp-content\/uploads\/2025\/03\/cover-150x150.jpg",150,150,true],"medium":["https:\/\/lavia.cc\/blog\/wp-content\/uploads\/2025\/03\/cover-300x170.jpg",300,170,true],"medium_large":["https:\/\/lavia.cc\/blog\/wp-content\/uploads\/2025\/03\/cover-768x434.jpg",768,434,true],"large":["https:\/\/lavia.cc\/blog\/wp-content\/uploads\/2025\/03\/cover-1024x579.jpg",1024,579,true],"1536x1536":["https:\/\/lavia.cc\/blog\/wp-content\/uploads\/2025\/03\/cover.jpg",1472,832,false],"2048x2048":["https:\/\/lavia.cc\/blog\/wp-content\/uploads\/2025\/03\/cover.jpg",1472,832,false]},"post_excerpt_stackable_v2":"<p>La montagna non \u00e8 solo un luogo fisico, ma un universo di storie, emozioni e sfide che da sempre affascinano scrittori e lettori. Che si tratti di imprese alpinistiche, racconti di viaggio o riflessioni sulla vita tra le vette, la letteratura di montagna offre pagine intrise di avventura, introspezione e amore per la natura. In questo articolo, ti consigliamo cinque libri imperdibili che esplorano il rapporto tra uomo e montagna, attraverso esperienze, leggende e paesaggi mozzafiato. Dalle valli selvagge raccontate da Paolo Cognetti alle imprese estreme di Herv\u00e9 Barmasse, fino alle storie di uomini e cime narrate da Marco Albino&hellip;<\/p>\n","category_list_v2":"<a href=\"https:\/\/lavia.cc\/blog\/category\/alpinismo\/\" rel=\"category tag\">Alpinismo<\/a>, <a href=\"https:\/\/lavia.cc\/blog\/category\/cammini\/\" rel=\"category tag\">Cammini<\/a>, <a href=\"https:\/\/lavia.cc\/blog\/category\/escursionismo\/\" rel=\"category tag\">Escursionismo<\/a>, <a href=\"https:\/\/lavia.cc\/blog\/category\/storie\/\" rel=\"category tag\">Storie<\/a>, <a href=\"https:\/\/lavia.cc\/blog\/category\/trekking\/\" rel=\"category tag\">Trekking<\/a>","author_info_v2":{"name":"LAVIA","url":"https:\/\/lavia.cc\/blog\/author\/lavia-website\/"},"comments_num_v2":"0 commenti","_links":{"self":[{"href":"https:\/\/lavia.cc\/blog\/wp-json\/wp\/v2\/posts\/5291","targetHints":{"allow":["GET"]}}],"collection":[{"href":"https:\/\/lavia.cc\/blog\/wp-json\/wp\/v2\/posts"}],"about":[{"href":"https:\/\/lavia.cc\/blog\/wp-json\/wp\/v2\/types\/post"}],"author":[{"embeddable":true,"href":"https:\/\/lavia.cc\/blog\/wp-json\/wp\/v2\/users\/1"}],"replies":[{"embeddable":true,"href":"https:\/\/lavia.cc\/blog\/wp-json\/wp\/v2\/comments?post=5291"}],"version-history":[{"count":9,"href":"https:\/\/lavia.cc\/blog\/wp-json\/wp\/v2\/posts\/5291\/revisions"}],"predecessor-version":[{"id":5316,"href":"https:\/\/lavia.cc\/blog\/wp-json\/wp\/v2\/posts\/5291\/revisions\/5316"}],"wp:featuredmedia":[{"embeddable":true,"href":"https:\/\/lavia.cc\/blog\/wp-json\/wp\/v2\/media\/5294"}],"wp:attachment":[{"href":"https:\/\/lavia.cc\/blog\/wp-json\/wp\/v2\/media?parent=5291"}],"wp:term":[{"taxonomy":"category","embeddable":true,"href":"https:\/\/lavia.cc\/blog\/wp-json\/wp\/v2\/categories?post=5291"},{"taxonomy":"post_tag","embeddable":true,"href":"https:\/\/lavia.cc\/blog\/wp-json\/wp\/v2\/tags?post=5291"}],"curies":[{"name":"wp","href":"https:\/\/api.w.org\/{rel}","templated":true}]}}