{"id":5317,"date":"2025-03-12T16:41:52","date_gmt":"2025-03-12T15:41:52","guid":{"rendered":"https:\/\/lavia.cc\/blog\/?p=5317"},"modified":"2025-03-12T16:49:20","modified_gmt":"2025-03-12T15:49:20","slug":"fiera-del-cicloturismo","status":"publish","type":"post","link":"https:\/\/lavia.cc\/blog\/fiera-del-cicloturismo\/","title":{"rendered":"Fiera del Cicloturismo di Bologna 2025: Un Evento Imperdibile per gli Appassionati di Bicicletta!"},"content":{"rendered":"\n<p>La <a href=\"https:\/\/fieradelcicloturismo.it\/\" target=\"_blank\" rel=\"noopener\">Fiera del Cicloturismo<\/a> di Bologna, in programma dal <span style=\"color: var(--theme-palette-color-4, #2c3e50);\" class=\"stk-highlight\"><strong>4 al 6 aprile<\/strong> <strong>2025<\/strong><\/span>, si conferma come un evento cruciale per gli appassionati di viaggi in bicicletta e per gli operatori del settore. Si svolger\u00e0 in Piazza Lucio Dalla e rappresenta un&#8217;importante opportunit\u00e0 per promuovere il <a href=\"https:\/\/lavia.cc\/gpx\/categoria-tracce\/cicloturismo\/\">cicloturismo <\/a>come forma di viaggio sostenibile e accessibile. L&#8217;ingresso alla fiera \u00e8 gratuito, rendendo l&#8217;evento ancora pi\u00f9 accessibile a tutti gli appassionati e alle famiglie.<\/p>\n\n\n\n<div class=\"wp-block-stackable-heading stk-block-heading stk-block-heading--v2 stk-block stk-8321f21\" id=\"strong-cosa-aspettarsi-dalla-fiera-strong\" data-block-id=\"8321f21\"><h4 class=\"stk-block-heading__text\"><strong>Cosa Aspettarsi dalla Fiera<\/strong><\/h4><\/div>\n\n\n\n<p>L&#8217;evento si distingue per la sua variet\u00e0 di attivit\u00e0 e iniziative:<\/p>\n\n\n\n<p><strong>Expo:<\/strong> Gli espositori presenteranno itinerari, servizi e prodotti per i cicloturisti, offrendo una panoramica completa delle ultime novit\u00e0 nel settore.<\/p>\n\n\n\n<p><strong>Workshop e Talk:<\/strong> Esperti del settore terranno presentazioni interattive su temi come sicurezza, pianificazione dei viaggi e attrezzature, permettendo ai partecipanti di acquisire conoscenze pratiche.<\/p>\n\n\n\n<p><strong>Test Biciclette:<\/strong> I visitatori avranno l&#8217;opportunit\u00e0 di provare le ultime biciclette e accessori disponibili sul mercato, partecipando a test ride che esploreranno il territorio circostante.<\/p>\n\n\n\n<div class=\"wp-block-stackable-image stk-block-image stk-block stk-318fca8\" data-block-id=\"318fca8\"><figure><span class=\"stk-img-wrapper stk-image--shape-stretch\"><img fetchpriority=\"high\" decoding=\"async\" class=\"stk-img wp-image-5319\" src=\"http:\/\/lavia.cc\/blog\/wp-content\/uploads\/2025\/03\/fiera-del-cicloturismo-11-1-768x512-1.jpg\" width=\"768\" height=\"512\" alt=\"Fiera del Cicloturismo\" srcset=\"https:\/\/lavia.cc\/blog\/wp-content\/uploads\/2025\/03\/fiera-del-cicloturismo-11-1-768x512-1.jpg 768w, https:\/\/lavia.cc\/blog\/wp-content\/uploads\/2025\/03\/fiera-del-cicloturismo-11-1-768x512-1-300x200.jpg 300w\" sizes=\"(max-width: 768px) 100vw, 768px\" \/><\/span><\/figure><\/div>\n\n\n\n<p><strong>Forum del Cicloturismo:<\/strong> Questo forum, dedicato agli operatori del settore, si terr\u00e0 il primo giorno dell&#8217;evento e sar\u00e0 un&#8217;importante occasione di networking e discussione su progetti innovativi e best practices nel cicloturismo.<\/p>\n\n\n\n<div class=\"wp-block-stackable-heading stk-block-heading stk-block-heading--v2 stk-block stk-389636b\" id=\"strong-un-evento-in-crescita-strong\" data-block-id=\"389636b\"><h4 class=\"stk-block-heading__text\"><strong>Un Evento in Crescita<\/strong><\/h4><\/div>\n\n\n\n<p>La Fiera del Cicloturismo ha visto un notevole aumento della partecipazione. Nell&#8217;edizione precedente, ha registrato oltre 15.000 visitatori e 121 espositori. <\/p>\n\n\n\n<div class=\"wp-block-stackable-image stk-block-image stk-block stk-0a12e61\" data-block-id=\"0a12e61\"><figure><span class=\"stk-img-wrapper stk-image--shape-stretch\"><img decoding=\"async\" class=\"stk-img wp-image-5320\" src=\"http:\/\/lavia.cc\/blog\/wp-content\/uploads\/2025\/03\/expo-768x418-1.jpg\" width=\"768\" height=\"418\" alt=\"Fiera del Cicloturismo\" srcset=\"https:\/\/lavia.cc\/blog\/wp-content\/uploads\/2025\/03\/expo-768x418-1.jpg 768w, https:\/\/lavia.cc\/blog\/wp-content\/uploads\/2025\/03\/expo-768x418-1-300x163.jpg 300w\" sizes=\"(max-width: 768px) 100vw, 768px\" \/><\/span><\/figure><\/div>\n\n\n\n<p>Per il 2025, \u00e8 previsto un incremento del 30% nel numero degli espositori, con una maggiore presenza di regioni italiane e destinazioni internazionali.<\/p>\n\n\n\n<div class=\"wp-block-stackable-heading stk-block-heading stk-block-heading--v2 stk-block stk-e0a6527\" id=\"strong-attivita-per-tutti-strong\" data-block-id=\"e0a6527\"><h4 class=\"stk-block-heading__text\"><strong>Attivit\u00e0 per Tutti<\/strong><\/h4><\/div>\n\n\n\n<p>Non solo adulti: la fiera avr\u00e0 anche un&#8217;area dedicata ai bambini, dove potranno divertirsi con attivit\u00e0 fisiche sicure e stimolanti. Questo approccio familiare mira a promuovere uno stile di vita attivo fin dalla giovane et\u00e0.<\/p>\n\n\n\n<div class=\"wp-block-stackable-heading stk-block-heading stk-block-heading--v2 stk-block stk-cd53879\" id=\"strong-come-arrivare-strong\" data-block-id=\"cd53879\"><h4 class=\"stk-block-heading__text\"><strong>Come Arrivare<\/strong><\/h4><\/div>\n\n\n\n<p>Bologna \u00e8 facilmente raggiungibile in bicicletta, treno o autobus. Per chi utilizza i treni <a href=\"https:\/\/www.trenitalia.com\/it.html?cid=G_IC124AWO_SEARCH_B_Intercity&amp;gad_source=1&amp;gclid=Cj0KCQjw4cS-BhDGARIsABg4_J1BBAzGhrcCn6c3j1eKQJzmeM1NZKAXNMwM5sY8ZiqH9ahjTfxDRBQaApCqEALw_wcB&amp;gclsrc=aw.ds\" target=\"_blank\" rel=\"noopener\">Intercity<\/a>, \u00e8 importante sapere che \u00e8 possibile caricare la propria bicicletta senza doverla smontare. Trenitalia ha introdotto un servizio che consente di trasportare le bici montate su alcuni treni Intercity, prenotando un posto specifico nella carrozza attrezzata. Ogni viaggiatore pu\u00f2 portare una sola bicicletta pagando un supplemento di \u20ac3.50. Questa opzione rende il viaggio pi\u00f9 comodo e accessibile per i cicloturisti che desiderano raggiungere Bologna senza complicazioni.<\/p>\n\n\n\n<div class=\"wp-block-stackable-image stk-block-image stk-block stk-46e28b9\" data-block-id=\"46e28b9\"><figure><span class=\"stk-img-wrapper stk-image--shape-stretch\"><img decoding=\"async\" class=\"stk-img wp-image-5321\" src=\"http:\/\/lavia.cc\/blog\/wp-content\/uploads\/2025\/03\/Parcheggio-bici-custodito.jpg\" width=\"1000\" height=\"664\" alt=\"Fiera del Cicloturismo\" srcset=\"https:\/\/lavia.cc\/blog\/wp-content\/uploads\/2025\/03\/Parcheggio-bici-custodito.jpg 1000w, https:\/\/lavia.cc\/blog\/wp-content\/uploads\/2025\/03\/Parcheggio-bici-custodito-300x199.jpg 300w, https:\/\/lavia.cc\/blog\/wp-content\/uploads\/2025\/03\/Parcheggio-bici-custodito-768x510.jpg 768w\" sizes=\"(max-width: 1000px) 100vw, 1000px\" \/><\/span><\/figure><\/div>\n\n\n\n<p>Inoltre, durante la fiera sar\u00e0 disponibile un parcheggio custodito per le biciclette, garantendo cos\u00ec la massima sicurezza per i mezzi dei partecipanti. Questo servizio \u00e8 particolarmente utile per coloro che desiderano esplorare la fiera senza preoccuparsi della propria bicicletta.<\/p>\n\n\n\n<div class=\"wp-block-stackable-heading stk-block-heading stk-block-heading--v2 stk-block stk-f4eb548\" id=\"strong-conclusione-strong\" data-block-id=\"f4eb548\"><h4 class=\"stk-block-heading__text\"><strong>Conclusione<\/strong><\/h4><\/div>\n\n\n\n<div class=\"wp-block-stackable-image stk-block-image stk-block stk-f264184\" data-block-id=\"f264184\"><figure><span class=\"stk-img-wrapper stk-image--shape-stretch\"><img loading=\"lazy\" decoding=\"async\" class=\"stk-img wp-image-5322\" src=\"http:\/\/lavia.cc\/blog\/wp-content\/uploads\/2025\/03\/Progetto-senza-titolo-7-min.png\" width=\"1200\" height=\"626\" alt=\"Fiera del Cicloturismo\" srcset=\"https:\/\/lavia.cc\/blog\/wp-content\/uploads\/2025\/03\/Progetto-senza-titolo-7-min.png 1200w, https:\/\/lavia.cc\/blog\/wp-content\/uploads\/2025\/03\/Progetto-senza-titolo-7-min-300x157.png 300w, https:\/\/lavia.cc\/blog\/wp-content\/uploads\/2025\/03\/Progetto-senza-titolo-7-min-1024x534.png 1024w, https:\/\/lavia.cc\/blog\/wp-content\/uploads\/2025\/03\/Progetto-senza-titolo-7-min-768x401.png 768w\" sizes=\"(max-width: 1200px) 100vw, 1200px\" \/><\/span><\/figure><\/div>\n\n\n\n<p>In conclusione, la Fiera del Cicloturismo di Bologna si propone non solo come un evento fieristico ma come una vera celebrazione della cultura ciclistica e della sostenibilit\u00e0. \u00c8 un&#8217;opportunit\u00e0 imperdibile per chi desidera scoprire il mondo del cicloturismo e connettersi con altri appassionati.<\/p>\n\n\n\n<p><\/p>\n","protected":false},"excerpt":{"rendered":"<p>La Fiera del Cicloturismo di Bologna, in programma dal 4 al 6 aprile 2025, si conferma come un evento cruciale per gli appassionati di viaggi in bicicletta e per gli operatori del settore. Si svolger\u00e0 in Piazza Lucio Dalla e rappresenta un&#8217;importante opportunit\u00e0 per promuovere il cicloturismo come forma di viaggio sostenibile e accessibile. L&#8217;ingresso [&hellip;]<\/p>\n","protected":false},"author":1,"featured_media":5322,"comment_status":"open","ping_status":"open","sticky":false,"template":"","format":"standard","meta":{"om_disable_all_campaigns":false,"footnotes":""},"categories":[20,27,22],"tags":[78,76,29,77],"class_list":["post-5317","post","type-post","status-publish","format-standard","has-post-thumbnail","hentry","category-cicloturismo","category-eventi","category-gravel","tag-78","tag-bologna","tag-cicloturismo","tag-fiera-del-cicloturismo"],"blocksy_meta":[],"featured_image_urls_v2":{"full":["https:\/\/lavia.cc\/blog\/wp-content\/uploads\/2025\/03\/Progetto-senza-titolo-7-min.png",1200,626,false],"thumbnail":["https:\/\/lavia.cc\/blog\/wp-content\/uploads\/2025\/03\/Progetto-senza-titolo-7-min-150x150.png",150,150,true],"medium":["https:\/\/lavia.cc\/blog\/wp-content\/uploads\/2025\/03\/Progetto-senza-titolo-7-min-300x157.png",300,157,true],"medium_large":["https:\/\/lavia.cc\/blog\/wp-content\/uploads\/2025\/03\/Progetto-senza-titolo-7-min-768x401.png",768,401,true],"large":["https:\/\/lavia.cc\/blog\/wp-content\/uploads\/2025\/03\/Progetto-senza-titolo-7-min-1024x534.png",1024,534,true],"1536x1536":["https:\/\/lavia.cc\/blog\/wp-content\/uploads\/2025\/03\/Progetto-senza-titolo-7-min.png",1200,626,false],"2048x2048":["https:\/\/lavia.cc\/blog\/wp-content\/uploads\/2025\/03\/Progetto-senza-titolo-7-min.png",1200,626,false]},"post_excerpt_stackable_v2":"<p>La Fiera del Cicloturismo di Bologna, in programma dal 4 al 6 aprile 2025, si conferma come un evento cruciale per gli appassionati di viaggi in bicicletta e per gli operatori del settore. Si svolger\u00e0 in Piazza Lucio Dalla e rappresenta un&#8217;importante opportunit\u00e0 per promuovere il cicloturismo come forma di viaggio sostenibile e accessibile. L&#8217;ingresso alla fiera \u00e8 gratuito, rendendo l&#8217;evento ancora pi\u00f9 accessibile a tutti gli appassionati e alle famiglie. Cosa Aspettarsi dalla Fiera L&#8217;evento si distingue per la sua variet\u00e0 di attivit\u00e0 e iniziative: Expo: Gli espositori presenteranno itinerari, servizi e prodotti per i cicloturisti, offrendo una panoramica&hellip;<\/p>\n","category_list_v2":"<a href=\"https:\/\/lavia.cc\/blog\/category\/cicloturismo\/\" rel=\"category tag\">Cicloturismo<\/a>, <a href=\"https:\/\/lavia.cc\/blog\/category\/eventi\/\" rel=\"category tag\">Eventi<\/a>, <a href=\"https:\/\/lavia.cc\/blog\/category\/gravel\/\" rel=\"category tag\">Gravel<\/a>","author_info_v2":{"name":"LAVIA","url":"https:\/\/lavia.cc\/blog\/author\/lavia-website\/"},"comments_num_v2":"0 commenti","_links":{"self":[{"href":"https:\/\/lavia.cc\/blog\/wp-json\/wp\/v2\/posts\/5317","targetHints":{"allow":["GET"]}}],"collection":[{"href":"https:\/\/lavia.cc\/blog\/wp-json\/wp\/v2\/posts"}],"about":[{"href":"https:\/\/lavia.cc\/blog\/wp-json\/wp\/v2\/types\/post"}],"author":[{"embeddable":true,"href":"https:\/\/lavia.cc\/blog\/wp-json\/wp\/v2\/users\/1"}],"replies":[{"embeddable":true,"href":"https:\/\/lavia.cc\/blog\/wp-json\/wp\/v2\/comments?post=5317"}],"version-history":[{"count":5,"href":"https:\/\/lavia.cc\/blog\/wp-json\/wp\/v2\/posts\/5317\/revisions"}],"predecessor-version":[{"id":5331,"href":"https:\/\/lavia.cc\/blog\/wp-json\/wp\/v2\/posts\/5317\/revisions\/5331"}],"wp:featuredmedia":[{"embeddable":true,"href":"https:\/\/lavia.cc\/blog\/wp-json\/wp\/v2\/media\/5322"}],"wp:attachment":[{"href":"https:\/\/lavia.cc\/blog\/wp-json\/wp\/v2\/media?parent=5317"}],"wp:term":[{"taxonomy":"category","embeddable":true,"href":"https:\/\/lavia.cc\/blog\/wp-json\/wp\/v2\/categories?post=5317"},{"taxonomy":"post_tag","embeddable":true,"href":"https:\/\/lavia.cc\/blog\/wp-json\/wp\/v2\/tags?post=5317"}],"curies":[{"name":"wp","href":"https:\/\/api.w.org\/{rel}","templated":true}]}}