{"id":5349,"date":"2025-04-09T16:46:31","date_gmt":"2025-04-09T14:46:31","guid":{"rendered":"https:\/\/lavia.cc\/blog\/?p=5349"},"modified":"2025-04-09T17:23:19","modified_gmt":"2025-04-09T15:23:19","slug":"quali-cammini-che-partono-da-bologna","status":"publish","type":"post","link":"https:\/\/lavia.cc\/blog\/quali-cammini-che-partono-da-bologna\/","title":{"rendered":"Quanti e quali sono i cammini che partono da Bologna?"},"content":{"rendered":"\t\t<div data-elementor-type=\"wp-post\" data-elementor-id=\"5349\" class=\"elementor elementor-5349\">\n\t\t\t\t<div class=\"elementor-element elementor-element-9cd797e e-flex e-con-boxed e-con e-parent\" data-id=\"9cd797e\" data-element_type=\"container\">\n\t\t\t\t\t<div class=\"e-con-inner\">\n\t\t\t\t<div class=\"elementor-element elementor-element-d17a079 elementor-widget elementor-widget-text-editor\" data-id=\"d17a079\" data-element_type=\"widget\" data-widget_type=\"text-editor.default\">\n\t\t\t\t<div class=\"elementor-widget-container\">\n\t\t\t\t\t\t\t\t\t<p>Nel cuore dell&#8217;Emilia-Romagna, sotto i suoi caratteristici portici che si estendono per oltre 60 chilometri, Bologna non \u00e8 solo una citt\u00e0 ricca di storia, cultura e tradizione gastronomica, ma si \u00e8 affermata come un vero e proprio crocevia di cammini che attraversano l&#8217;Italia. Con ben sei percorsi che partono dalle sue piazze e si diramano verso diverse direzioni, Bologna merita a pieno titolo l&#8217;appellativo di &#8220;citt\u00e0 regina dei cammini italiani&#8221;.<\/p>\t\t\t\t\t\t\t\t<\/div>\n\t\t\t\t<\/div>\n\t\t\t\t<div class=\"elementor-element elementor-element-786d3c6 elementor-widget elementor-widget-text-editor\" data-id=\"786d3c6\" data-element_type=\"widget\" data-widget_type=\"text-editor.default\">\n\t\t\t\t<div class=\"elementor-widget-container\">\n\t\t\t\t\t\t\t\t\t<p>Questa posizione privilegiata non \u00e8 casuale: situata strategicamente tra nord e sud, tra est e ovest della penisola, Bologna \u00e8 stata per secoli un importante snodo commerciale e culturale. Oggi, questa tradizione continua attraverso i sentieri che si dipartono dalla citt\u00e0 felsinea, offrendo agli appassionati di trekking e ai pellegrini moderni la possibilit\u00e0 di esplorare paesaggi mozzafiato, borghi storici e luoghi di profonda spiritualit\u00e0.<\/p>\t\t\t\t\t\t\t\t<\/div>\n\t\t\t\t<\/div>\n\t\t\t\t<div class=\"elementor-element elementor-element-79b813a elementor-widget elementor-widget-text-editor\" data-id=\"79b813a\" data-element_type=\"widget\" data-widget_type=\"text-editor.default\">\n\t\t\t\t<div class=\"elementor-widget-container\">\n\t\t\t\t\t\t\t\t\t<p>I sei cammini che partono da Bologna rappresentano un&#8217;offerta variegata e completa: si va dai percorsi storici che ricalcano antiche vie commerciali, a itinerari naturalistici che attraversano parchi e riserve naturali. Non mancano poi i cammini spirituali.<\/p>\t\t\t\t\t\t\t\t<\/div>\n\t\t\t\t<\/div>\n\t\t\t\t<div class=\"elementor-element elementor-element-7bf754f elementor-widget elementor-widget-text-editor\" data-id=\"7bf754f\" data-element_type=\"widget\" data-widget_type=\"text-editor.default\">\n\t\t\t\t<div class=\"elementor-widget-container\">\n\t\t\t\t\t\t\t\t\t<p>Ogni cammino ha la sua peculiarit\u00e0 e il suo fascino, ma tutti condividono la stessa origine: Piazza Maggiore, il cuore pulsante di Bologna, da cui si dipartono come raggi di una stella, per raggiungere destinazioni diverse ma ugualmente affascinanti: Firenze, Prato, Pistoia, Faenza, Bazzano e Riola.<\/p>\t\t\t\t\t\t\t\t<\/div>\n\t\t\t\t<\/div>\n\t\t\t\t<div class=\"elementor-element elementor-element-72e670e elementor-widget elementor-widget-text-editor\" data-id=\"72e670e\" data-element_type=\"widget\" data-widget_type=\"text-editor.default\">\n\t\t\t\t<div class=\"elementor-widget-container\">\n\t\t\t\t\t\t\t\t\t<p>Che siate escursionisti esperti o semplici appassionati alla ricerca di nuove esperienze, Bologna vi offre l&#8217;imbarazzo della scelta. Ecco una panoramica dei sei cammini che partono da Bologna, la vera capitale italiana dei cammini!<\/p>\t\t\t\t\t\t\t\t<\/div>\n\t\t\t\t<\/div>\n\t\t\t\t<div class=\"elementor-element elementor-element-c3c9439 elementor-widget elementor-widget-heading\" data-id=\"c3c9439\" data-element_type=\"widget\" data-widget_type=\"heading.default\">\n\t\t\t\t<div class=\"elementor-widget-container\">\n\t\t\t\t\t<h2 class=\"elementor-heading-title elementor-size-default\">La Via degli Dei<\/h2>\t\t\t\t<\/div>\n\t\t\t\t<\/div>\n\t\t\t\t<div class=\"elementor-element elementor-element-d9c822d elementor-widget elementor-widget-text-editor\" data-id=\"d9c822d\" data-element_type=\"widget\" data-widget_type=\"text-editor.default\">\n\t\t\t\t<div class=\"elementor-widget-container\">\n\t\t\t\t\t\t\t\t\t<p>La Via degli Dei \u00e8 probabilmente il pi\u00f9 celebre tra i cammini che partono da Bologna. Questo percorso di circa 130 km collega Bologna a Firenze in sei tappe, attraversando l&#8217;Appennino Tosco-Emiliano.<\/p>\t\t\t\t\t\t\t\t<\/div>\n\t\t\t\t<\/div>\n\t\t\t\t<div class=\"elementor-element elementor-element-527e1e9 elementor-widget elementor-widget-text-editor\" data-id=\"527e1e9\" data-element_type=\"widget\" data-widget_type=\"text-editor.default\">\n\t\t\t\t<div class=\"elementor-widget-container\">\n\t\t\t\t\t\t\t\t\t<p>Il nome &#8220;Via degli Dei&#8221; deriva dalle denominazioni di origine pagana di alcunei monti attraversati dal percorso, come Monte Adone, Monte Venere e Monte Luario. Il tracciato segue in parte l&#8217;antica strada romana Flaminia Militare, costruita nel 187 a.C. per volont\u00e0 del console Caio Flaminio.<\/p>\t\t\t\t\t\t\t\t<\/div>\n\t\t\t\t<\/div>\n\t\t\t\t<div class=\"elementor-element elementor-element-8781621 elementor-widget elementor-widget-text-editor\" data-id=\"8781621\" data-element_type=\"widget\" data-widget_type=\"text-editor.default\">\n\t\t\t\t<div class=\"elementor-widget-container\">\n\t\t\t\t\t\t\t\t\t<p>Partendo da Piazza Maggiore a Bologna, con i suoi 40 km di portici, il cammino si addentra nell&#8217;Appennino, passando per vari luoghi significativi tra cui la Riserva Naturalistica del Contrafforte Pliocenico, il Passo della Futa e il Santuario di Monte Senario, dove i frati offrono ai camminatori il liquore &#8220;Gemma d&#8217;Abeto&#8221;, preparato secondo un&#8217;antica ricetta. L&#8217;arrivo \u00e8 previsto a Firenze, citt\u00e0 patrimonio dell&#8217;UNESCO.<\/p>\t\t\t\t\t\t\t\t<\/div>\n\t\t\t\t<\/div>\n\t\t\t\t<div class=\"elementor-element elementor-element-c2c3535 elementor-widget elementor-widget-image\" data-id=\"c2c3535\" data-element_type=\"widget\" data-widget_type=\"image.default\">\n\t\t\t\t<div class=\"elementor-widget-container\">\n\t\t\t\t\t\t\t\t\t\t\t\t\t\t\t<img fetchpriority=\"high\" decoding=\"async\" width=\"1000\" height=\"750\" src=\"https:\/\/lavia.cc\/blog\/wp-content\/uploads\/2025\/04\/Monte-Adone-Via-degli-Dei.webp\" class=\"attachment-full size-full wp-image-5384\" alt=\"Quali cammini partono da Bologna | Via degli Dei | LAVIA\" srcset=\"https:\/\/lavia.cc\/blog\/wp-content\/uploads\/2025\/04\/Monte-Adone-Via-degli-Dei.webp 1000w, https:\/\/lavia.cc\/blog\/wp-content\/uploads\/2025\/04\/Monte-Adone-Via-degli-Dei-300x225.webp 300w, https:\/\/lavia.cc\/blog\/wp-content\/uploads\/2025\/04\/Monte-Adone-Via-degli-Dei-768x576.webp 768w\" sizes=\"(max-width: 1000px) 100vw, 1000px\" \/>\t\t\t\t\t\t\t\t\t\t\t\t\t\t\t<\/div>\n\t\t\t\t<\/div>\n\t\t\t\t<div class=\"elementor-element elementor-element-ba2cc6d elementor-widget elementor-widget-text-editor\" data-id=\"ba2cc6d\" data-element_type=\"widget\" data-widget_type=\"text-editor.default\">\n\t\t\t\t<div class=\"elementor-widget-container\">\n\t\t\t\t\t\t\t\t\t<p>La Via degli Dei \u00e8 un itinerario non religioso, ideato alla fine degli anni &#8217;80 del &#8216;900 da un gruppo di escursionisti bolognesi che ricalca prevalentemente gli antichi tracciati di una strada romana, la Flaminia Militare. Lungo il percorso, infatti, ci si imbatte in dei selciati romani appartenenti al 187 a.C.<\/p><p>Oggi la Via degli Dei \u00e8 diventato uno dei cammini pi\u00f9 amati e frequentati d&#8217;Italia, adatto a escursionisti con una preparazione fisica di base.<\/p>\t\t\t\t\t\t\t\t<\/div>\n\t\t\t\t<\/div>\n\t\t\t\t<div class=\"elementor-element elementor-element-cab4653 elementor-widget elementor-widget-tablepress-table\" data-id=\"cab4653\" data-element_type=\"widget\" data-widget_type=\"tablepress-table.default\">\n\t\t\t\t\t\n<table id=\"tablepress-4\" class=\"tablepress tablepress-id-4\">\n<tbody class=\"row-striping row-hover\">\n<tr class=\"row-1\">\n\t<td class=\"column-1\"><b>Tappe<\/b><\/td><td class=\"column-2\">6<\/td>\n<\/tr>\n<tr class=\"row-2\">\n\t<td class=\"column-1\"><b>Km<\/b><\/td><td class=\"column-2\">130 km<\/td>\n<\/tr>\n<tr class=\"row-3\">\n\t<td class=\"column-1\"><b>Dislivello +<\/b><\/td><td class=\"column-2\">4010 m<\/td>\n<\/tr>\n<tr class=\"row-4\">\n\t<td class=\"column-1\"><b>Dislivello -<\/b><\/td><td class=\"column-2\">3980 m<\/td>\n<\/tr>\n<tr class=\"row-5\">\n\t<td class=\"column-1\"><b>Traccia GPX<\/b><\/td><td class=\"column-2\"><a class=\"button\" href=\"https:\/\/lavia.cc\/gpx\/tracce\/via-degli-dei\/\">Scarica la traccia!<\/a><\/td>\n<\/tr>\n<\/tbody>\n<\/table>\n<!-- #tablepress-4 from cache -->\t\t\t\t<\/div>\n\t\t\t\t<div class=\"elementor-element elementor-element-24c534a elementor-widget-divider--view-line elementor-widget elementor-widget-divider\" data-id=\"24c534a\" data-element_type=\"widget\" data-widget_type=\"divider.default\">\n\t\t\t\t<div class=\"elementor-widget-container\">\n\t\t\t\t\t\t\t<div class=\"elementor-divider\">\n\t\t\t<span class=\"elementor-divider-separator\">\n\t\t\t\t\t\t<\/span>\n\t\t<\/div>\n\t\t\t\t\t\t<\/div>\n\t\t\t\t<\/div>\n\t\t\t\t<div class=\"elementor-element elementor-element-91a5e55 elementor-widget elementor-widget-heading\" data-id=\"91a5e55\" data-element_type=\"widget\" data-widget_type=\"heading.default\">\n\t\t\t\t<div class=\"elementor-widget-container\">\n\t\t\t\t\t<h2 class=\"elementor-heading-title elementor-size-default\">La Via dei Brentatori<\/h2>\t\t\t\t<\/div>\n\t\t\t\t<\/div>\n\t\t\t\t<div class=\"elementor-element elementor-element-477b6d1 elementor-widget elementor-widget-text-editor\" data-id=\"477b6d1\" data-element_type=\"widget\" data-widget_type=\"text-editor.default\">\n\t\t\t\t<div class=\"elementor-widget-container\">\n\t\t\t\t\t\t\t\t\t<p>La Via dei Brentatori \u00e8 un affascinante cammino che si snoda tra le colline bolognesi, partendo dalla storica Piazza Maggiore di Bologna e raggiungendo la pittoresca Bazzano in due tappe.<\/p>\t\t\t\t\t\t\t\t<\/div>\n\t\t\t\t<\/div>\n\t\t\t\t<div class=\"elementor-element elementor-element-82ab4aa elementor-widget elementor-widget-text-editor\" data-id=\"82ab4aa\" data-element_type=\"widget\" data-widget_type=\"text-editor.default\">\n\t\t\t\t<div class=\"elementor-widget-container\">\n\t\t\t\t\t\t\t\t\t<p>Un itinerario di 48 km, il cui nome \u00e8 legato all&#8217;antica tradizione dei trasportatori di vino, risalente al XIII secolo. I Brentatori erano una corporazione di mestiere sorta nel 1250, la cosiddetta Compagnia dell&#8217;Arte dei Brentatori, legalmente riconosciuta nel 1407. Il loro compito era trasportare il vino all&#8217;interno di un particolare recipiente che portavano sulle spalle, la brenta. Ma il loro lavoro non si limitava solo al trasporto: i Brentatori avevano anche il compito di assaggiare il vino, per testarne la qualit\u00e0, ed erano considerati grandi intenditori.<\/p>\t\t\t\t\t\t\t\t<\/div>\n\t\t\t\t<\/div>\n\t\t\t\t<div class=\"elementor-element elementor-element-8893673 elementor-widget elementor-widget-image\" data-id=\"8893673\" data-element_type=\"widget\" data-widget_type=\"image.default\">\n\t\t\t\t<div class=\"elementor-widget-container\">\n\t\t\t\t\t\t\t\t\t\t\t\t\t\t\t<img decoding=\"async\" width=\"500\" height=\"500\" src=\"https:\/\/lavia.cc\/blog\/wp-content\/uploads\/2025\/04\/4-500x500-1.webp\" class=\"attachment-full size-full wp-image-5390\" alt=\"Quali sono i cammini che partono da Bologna | La Via dei Brentatori | LAVIA\" srcset=\"https:\/\/lavia.cc\/blog\/wp-content\/uploads\/2025\/04\/4-500x500-1.webp 500w, https:\/\/lavia.cc\/blog\/wp-content\/uploads\/2025\/04\/4-500x500-1-300x300.webp 300w, https:\/\/lavia.cc\/blog\/wp-content\/uploads\/2025\/04\/4-500x500-1-150x150.webp 150w\" sizes=\"(max-width: 500px) 100vw, 500px\" \/>\t\t\t\t\t\t\t\t\t\t\t\t\t\t\t<\/div>\n\t\t\t\t<\/div>\n\t\t\t\t<div class=\"elementor-element elementor-element-f037ca6 elementor-widget elementor-widget-text-editor\" data-id=\"f037ca6\" data-element_type=\"widget\" data-widget_type=\"text-editor.default\">\n\t\t\t\t<div class=\"elementor-widget-container\">\n\t\t\t\t\t\t\t\t\t<p>Lungo il percorso, che attraversa colline verdi, vigneti e boschi, i pellegrini possono scoprire la ricca storia enologica del territorio bolognese e ammirare paesaggi che raccontano secoli di tradizione vitivinicola. La Via dei Brentatori rappresenta un omaggio a questa antica professione e offre ai camminatori moderni l&#8217;opportunit\u00e0 di ripercorrere le strade un tempo battute da questi esperti trasportatori e assaggiatori di vino.<\/p>\t\t\t\t\t\t\t\t<\/div>\n\t\t\t\t<\/div>\n\t\t\t\t<div class=\"elementor-element elementor-element-0f76605 elementor-widget elementor-widget-tablepress-table\" data-id=\"0f76605\" data-element_type=\"widget\" data-widget_type=\"tablepress-table.default\">\n\t\t\t\t\t\n<table id=\"tablepress-5\" class=\"tablepress tablepress-id-5\">\n<tbody class=\"row-striping row-hover\">\n<tr class=\"row-1\">\n\t<td class=\"column-1\"><b>Tappe<\/b><\/td><td class=\"column-2\">2<\/td>\n<\/tr>\n<tr class=\"row-2\">\n\t<td class=\"column-1\"><b>Km<\/b><\/td><td class=\"column-2\">47,6 km<\/td>\n<\/tr>\n<tr class=\"row-3\">\n\t<td class=\"column-1\"><b>Dislivello +<\/b><\/td><td class=\"column-2\">1180 m<\/td>\n<\/tr>\n<tr class=\"row-4\">\n\t<td class=\"column-1\"><b>Dislivello -<\/b><\/td><td class=\"column-2\">1180 m<\/td>\n<\/tr>\n<tr class=\"row-5\">\n\t<td class=\"column-1\"><b>Traccia GPX<\/b><\/td><td class=\"column-2\"><a class=\"button\" href=\"https:\/\/lavia.cc\/gpx\/tracce\/la-via-dei-brentatori-cammino-bologna\/\">Scarica la traccia!<\/a><\/td>\n<\/tr>\n<\/tbody>\n<\/table>\n<!-- #tablepress-5 from cache -->\t\t\t\t<\/div>\n\t\t\t\t<div class=\"elementor-element elementor-element-380d110 elementor-widget-divider--view-line elementor-widget elementor-widget-divider\" data-id=\"380d110\" data-element_type=\"widget\" data-widget_type=\"divider.default\">\n\t\t\t\t<div class=\"elementor-widget-container\">\n\t\t\t\t\t\t\t<div class=\"elementor-divider\">\n\t\t\t<span class=\"elementor-divider-separator\">\n\t\t\t\t\t\t<\/span>\n\t\t<\/div>\n\t\t\t\t\t\t<\/div>\n\t\t\t\t<\/div>\n\t\t\t\t<div class=\"elementor-element elementor-element-6545ca2 elementor-widget elementor-widget-heading\" data-id=\"6545ca2\" data-element_type=\"widget\" data-widget_type=\"heading.default\">\n\t\t\t\t<div class=\"elementor-widget-container\">\n\t\t\t\t\t<h2 class=\"elementor-heading-title elementor-size-default\">La Via dei Gessi e dei Calanchi<\/h2>\t\t\t\t<\/div>\n\t\t\t\t<\/div>\n\t\t\t\t<div class=\"elementor-element elementor-element-8168762 elementor-widget elementor-widget-text-editor\" data-id=\"8168762\" data-element_type=\"widget\" data-widget_type=\"text-editor.default\">\n\t\t\t\t<div class=\"elementor-widget-container\">\n\t\t\t\t\t\t\t\t\t<p>La Via dei Gessi e dei Calanchi \u00e8 un cammino che si snoda attraverso le colline emiliane, partendo da Bologna e arrivando a Faenza in sette tappe. Questo percorso offre un&#8217;immersione totale in alcuni dei paesaggi pi\u00f9 caratteristici e suggestivi dell&#8217;Emilia-Romagna.<\/p>\t\t\t\t\t\t\t\t<\/div>\n\t\t\t\t<\/div>\n\t\t\t\t<div class=\"elementor-element elementor-element-103d03e elementor-widget elementor-widget-text-editor\" data-id=\"103d03e\" data-element_type=\"widget\" data-widget_type=\"text-editor.default\">\n\t\t\t\t<div class=\"elementor-widget-container\">\n\t\t\t\t\t\t\t\t\t<p>Subito dopo essere usciti da Bologna, il cammino entra nel Parco Regionale dei Gessi Bolognesi e Calanchi dell&#8217;Abbadessa, caratterizzato dalla presenza di importanti affioramenti gessosi, di fenomeni carsici e di meravigliose formazioni calanchive, che ospitano habitat singolari e molto delicati.<\/p>\t\t\t\t\t\t\t\t<\/div>\n\t\t\t\t<\/div>\n\t\t\t\t<div class=\"elementor-element elementor-element-428477a elementor-widget elementor-widget-text-editor\" data-id=\"428477a\" data-element_type=\"widget\" data-widget_type=\"text-editor.default\">\n\t\t\t\t<div class=\"elementor-widget-container\">\n\t\t\t\t\t\t\t\t\t<p>All&#8217;uscita del Parco, la Via dei Gessi e dei Calanchi si dirige verso Dozza, il cui centro storico \u00e8 dominato dalla Rocca Sforzesca. Questo borgo \u00e8 decorato da numerosi murales, realizzati da artisti di fama internazionale che convergono qui fin dagli anni &#8217;60 in occasione della Biennale del Muro Dipinto.<\/p>\t\t\t\t\t\t\t\t<\/div>\n\t\t\t\t<\/div>\n\t\t\t\t<div class=\"elementor-element elementor-element-291a201 elementor-widget elementor-widget-image\" data-id=\"291a201\" data-element_type=\"widget\" data-widget_type=\"image.default\">\n\t\t\t\t<div class=\"elementor-widget-container\">\n\t\t\t\t\t\t\t\t\t\t\t\t\t\t\t<img decoding=\"async\" width=\"1536\" height=\"1536\" src=\"https:\/\/lavia.cc\/blog\/wp-content\/uploads\/2025\/04\/0-6-1.webp\" class=\"attachment-full size-full wp-image-5394\" alt=\"Quali sono i cammini che partono da Bologna | La Via dei Gessi e dei Calanchi | LAVIA\" srcset=\"https:\/\/lavia.cc\/blog\/wp-content\/uploads\/2025\/04\/0-6-1.webp 1536w, https:\/\/lavia.cc\/blog\/wp-content\/uploads\/2025\/04\/0-6-1-300x300.webp 300w, https:\/\/lavia.cc\/blog\/wp-content\/uploads\/2025\/04\/0-6-1-1024x1024.webp 1024w, https:\/\/lavia.cc\/blog\/wp-content\/uploads\/2025\/04\/0-6-1-150x150.webp 150w, https:\/\/lavia.cc\/blog\/wp-content\/uploads\/2025\/04\/0-6-1-768x768.webp 768w\" sizes=\"(max-width: 1536px) 100vw, 1536px\" \/>\t\t\t\t\t\t\t\t\t\t\t\t\t\t\t<\/div>\n\t\t\t\t<\/div>\n\t\t\t\t<div class=\"elementor-element elementor-element-5089140 elementor-widget elementor-widget-text-editor\" data-id=\"5089140\" data-element_type=\"widget\" data-widget_type=\"text-editor.default\">\n\t\t\t\t<div class=\"elementor-widget-container\">\n\t\t\t\t\t\t\t\t\t<p>Dopo aver raggiunto Borgo Tossignano, il cammino entra nel Parco Regionale della Vena del Gesso Romagnola, dove nelle tappe successive si incontrano gli spettacolari affioramenti gessosi della Riva di San Biagio. Questo parco rappresenta uno degli ambienti naturali pi\u00f9 preziosi e caratteristici della regione, con la sua particolare conformazione geologica che crea paesaggi unici.<\/p>\t\t\t\t\t\t\t\t<\/div>\n\t\t\t\t<\/div>\n\t\t\t\t<div class=\"elementor-element elementor-element-c727e7a elementor-widget elementor-widget-text-editor\" data-id=\"c727e7a\" data-element_type=\"widget\" data-widget_type=\"text-editor.default\">\n\t\t\t\t<div class=\"elementor-widget-container\">\n\t\t\t\t\t\t\t\t\t<p>La Via dei Gessi e dei Calanchi offre quindi un&#8217;esperienza completa, che combina natura, geologia, storia e arte, permettendo ai camminatori di scoprire un territorio ricco di sorprese e bellezze nascoste.<\/p>\t\t\t\t\t\t\t\t<\/div>\n\t\t\t\t<\/div>\n\t\t\t\t<div class=\"elementor-element elementor-element-47b7d91 elementor-widget elementor-widget-tablepress-table\" data-id=\"47b7d91\" data-element_type=\"widget\" data-widget_type=\"tablepress-table.default\">\n\t\t\t\t\t\n<table id=\"tablepress-6\" class=\"tablepress tablepress-id-6\">\n<tbody class=\"row-striping row-hover\">\n<tr class=\"row-1\">\n\t<td class=\"column-1\"><b>Tappe<\/b><\/td><td class=\"column-2\">7<\/td>\n<\/tr>\n<tr class=\"row-2\">\n\t<td class=\"column-1\"><b>Km<\/b><\/td><td class=\"column-2\">108 km<\/td>\n<\/tr>\n<tr class=\"row-3\">\n\t<td class=\"column-1\"><b>Dislivello +<\/b><\/td><td class=\"column-2\">3290 m<\/td>\n<\/tr>\n<tr class=\"row-4\">\n\t<td class=\"column-1\"><b>Dislivello -<\/b><\/td><td class=\"column-2\">3340 m<\/td>\n<\/tr>\n<tr class=\"row-5\">\n\t<td class=\"column-1\"><b>Traccia GPX<\/b><\/td><td class=\"column-2\"><a class=\"button\" href=\"https:\/\/lavia.cc\/gpx\/tracce\/la-via-dei-gessi-e-dei-calanchi-bologna-faenza\/\">Scarica la traccia!<\/a><\/td>\n<\/tr>\n<\/tbody>\n<\/table>\n<!-- #tablepress-6 from cache -->\t\t\t\t<\/div>\n\t\t\t\t<div class=\"elementor-element elementor-element-3339f62 elementor-widget-divider--view-line elementor-widget elementor-widget-divider\" data-id=\"3339f62\" data-element_type=\"widget\" data-widget_type=\"divider.default\">\n\t\t\t\t<div class=\"elementor-widget-container\">\n\t\t\t\t\t\t\t<div class=\"elementor-divider\">\n\t\t\t<span class=\"elementor-divider-separator\">\n\t\t\t\t\t\t<\/span>\n\t\t<\/div>\n\t\t\t\t\t\t<\/div>\n\t\t\t\t<\/div>\n\t\t\t\t<div class=\"elementor-element elementor-element-d327528 elementor-widget elementor-widget-heading\" data-id=\"d327528\" data-element_type=\"widget\" data-widget_type=\"heading.default\">\n\t\t\t\t<div class=\"elementor-widget-container\">\n\t\t\t\t\t<h2 class=\"elementor-heading-title elementor-size-default\">La Via della Lana e della Seta<\/h2>\t\t\t\t<\/div>\n\t\t\t\t<\/div>\n\t\t\t\t<div class=\"elementor-element elementor-element-a032376 elementor-widget elementor-widget-text-editor\" data-id=\"a032376\" data-element_type=\"widget\" data-widget_type=\"text-editor.default\">\n\t\t\t\t<div class=\"elementor-widget-container\">\n\t\t\t\t\t\t\t\t\t<p>La Via della Lana e della Seta \u00e8 un affascinante cammino che si estende per circa 130 km, collegando Bologna a Prato in sei tappe. Questo percorso ripercorre le antiche vie commerciali utilizzate dai mercanti nel XV secolo per il trasporto di seta e lana, immergendosi nei panorami mozzafiato dell&#8217;Appennino Tosco-Emiliano.<\/p>\t\t\t\t\t\t\t\t<\/div>\n\t\t\t\t<\/div>\n\t\t\t\t<div class=\"elementor-element elementor-element-01f728e elementor-widget elementor-widget-text-editor\" data-id=\"01f728e\" data-element_type=\"widget\" data-widget_type=\"text-editor.default\">\n\t\t\t\t<div class=\"elementor-widget-container\">\n\t\t\t\t\t\t\t\t\t<p>La prima tappa inizia nel cuore di Bologna, presso Piazza Maggiore, e si dirige verso Sasso Marconi. Il percorso segue il canale delle Moline e attraversa aree verdi, con la possibilit\u00e0 di ammirare la Chiusa sul fiume Reno. Questa tappa \u00e8 prevalentemente pianeggiante e adatta a tutti.<\/p>\t\t\t\t\t\t\t\t<\/div>\n\t\t\t\t<\/div>\n\t\t\t\t<div class=\"elementor-element elementor-element-1b86cd7 elementor-widget elementor-widget-text-editor\" data-id=\"1b86cd7\" data-element_type=\"widget\" data-widget_type=\"text-editor.default\">\n\t\t\t\t<div class=\"elementor-widget-container\">\n\t\t\t\t\t\t\t\t\t<p>Partendo da Sasso Marconi, la seconda tappa porta verso Grizzana Morandi. Qui, il percorso inizia a salire, offrendo viste panoramiche sulle colline circostanti. Durante il tragitto, i camminatori possono visitare antichi borghi e scoprire la storia locale.<\/p>\t\t\t\t\t\t\t\t<\/div>\n\t\t\t\t<\/div>\n\t\t\t\t<div class=\"elementor-element elementor-element-9986909 elementor-widget elementor-widget-image\" data-id=\"9986909\" data-element_type=\"widget\" data-widget_type=\"image.default\">\n\t\t\t\t<div class=\"elementor-widget-container\">\n\t\t\t\t\t\t\t\t\t\t\t\t\t\t\t<img loading=\"lazy\" decoding=\"async\" width=\"1080\" height=\"1080\" src=\"https:\/\/lavia.cc\/blog\/wp-content\/uploads\/2025\/04\/5-1-1.webp\" class=\"attachment-full size-full wp-image-5389\" alt=\"Quali cammini partono da Bologna | Via della Lana e della Seta | LAVIA\" srcset=\"https:\/\/lavia.cc\/blog\/wp-content\/uploads\/2025\/04\/5-1-1.webp 1080w, https:\/\/lavia.cc\/blog\/wp-content\/uploads\/2025\/04\/5-1-1-300x300.webp 300w, https:\/\/lavia.cc\/blog\/wp-content\/uploads\/2025\/04\/5-1-1-1024x1024.webp 1024w, https:\/\/lavia.cc\/blog\/wp-content\/uploads\/2025\/04\/5-1-1-150x150.webp 150w, https:\/\/lavia.cc\/blog\/wp-content\/uploads\/2025\/04\/5-1-1-768x768.webp 768w\" sizes=\"(max-width: 1080px) 100vw, 1080px\" \/>\t\t\t\t\t\t\t\t\t\t\t\t\t\t\t<\/div>\n\t\t\t\t<\/div>\n\t\t\t\t<div class=\"elementor-element elementor-element-f135365 elementor-widget elementor-widget-text-editor\" data-id=\"f135365\" data-element_type=\"widget\" data-widget_type=\"text-editor.default\">\n\t\t\t\t<div class=\"elementor-widget-container\">\n\t\t\t\t\t\t\t\t\t<p>La terza tappa continua attraverso paesaggi montuosi e boschivi, fino a raggiungere Castiglione dei Pepoli. Questa parte del cammino \u00e8 caratterizzata da un dislivello pi\u00f9 significativo, ma le bellezze naturali ripagano ogni fatica.<\/p>\t\t\t\t\t\t\t\t<\/div>\n\t\t\t\t<\/div>\n\t\t\t\t<div class=\"elementor-element elementor-element-b62357a elementor-widget elementor-widget-text-editor\" data-id=\"b62357a\" data-element_type=\"widget\" data-widget_type=\"text-editor.default\">\n\t\t\t\t<div class=\"elementor-widget-container\">\n\t\t\t\t\t\t\t\t\t<p>Le tappe successive attraversano il confine tra Emilia-Romagna e Toscana, offrendo paesaggi sempre diversi e affascinanti, fino a giungere a Prato, importante centro tessile fin dal Medioevo.<\/p>\t\t\t\t\t\t\t\t<\/div>\n\t\t\t\t<\/div>\n\t\t\t\t<div class=\"elementor-element elementor-element-50de262 elementor-widget elementor-widget-text-editor\" data-id=\"50de262\" data-element_type=\"widget\" data-widget_type=\"text-editor.default\">\n\t\t\t\t<div class=\"elementor-widget-container\">\n\t\t\t\t\t\t\t\t\t<p>La Via della Lana e della Seta rappresenta un viaggio non solo geografico ma anche storico, che permette di rivivere l&#8217;importanza delle antiche vie commerciali che hanno contribuito allo sviluppo economico e culturale di queste regioni.<\/p>\t\t\t\t\t\t\t\t<\/div>\n\t\t\t\t<\/div>\n\t\t\t\t<div class=\"elementor-element elementor-element-e14779a elementor-widget elementor-widget-tablepress-table\" data-id=\"e14779a\" data-element_type=\"widget\" data-widget_type=\"tablepress-table.default\">\n\t\t\t\t\t\n<table id=\"tablepress-7\" class=\"tablepress tablepress-id-7\">\n<tbody class=\"row-striping row-hover\">\n<tr class=\"row-1\">\n\t<td class=\"column-1\"><b>Tappe<\/b><\/td><td class=\"column-2\">6<\/td>\n<\/tr>\n<tr class=\"row-2\">\n\t<td class=\"column-1\"><b>Km<\/b><\/td><td class=\"column-2\">130,5 km<\/td>\n<\/tr>\n<tr class=\"row-3\">\n\t<td class=\"column-1\"><b>Dislivello +<\/b><\/td><td class=\"column-2\">4310 m<\/td>\n<\/tr>\n<tr class=\"row-4\">\n\t<td class=\"column-1\"><b>Dislivello -<\/b><\/td><td class=\"column-2\">4291 m<\/td>\n<\/tr>\n<tr class=\"row-5\">\n\t<td class=\"column-1\"><b>Traccia GPX<\/b><\/td><td class=\"column-2\"><a class=\"button\" href=\"https:\/\/lavia.cc\/gpx\/tracce\/la-via-della-lana-e-della-seta-bologna-prato\/\">Scarica la traccia!<\/a><\/td>\n<\/tr>\n<\/tbody>\n<\/table>\n<!-- #tablepress-7 from cache -->\t\t\t\t<\/div>\n\t\t\t\t<div class=\"elementor-element elementor-element-ce91e15 elementor-widget-divider--view-line elementor-widget elementor-widget-divider\" data-id=\"ce91e15\" data-element_type=\"widget\" data-widget_type=\"divider.default\">\n\t\t\t\t<div class=\"elementor-widget-container\">\n\t\t\t\t\t\t\t<div class=\"elementor-divider\">\n\t\t\t<span class=\"elementor-divider-separator\">\n\t\t\t\t\t\t<\/span>\n\t\t<\/div>\n\t\t\t\t\t\t<\/div>\n\t\t\t\t<\/div>\n\t\t\t\t<div class=\"elementor-element elementor-element-e31f7a0 elementor-widget elementor-widget-heading\" data-id=\"e31f7a0\" data-element_type=\"widget\" data-widget_type=\"heading.default\">\n\t\t\t\t<div class=\"elementor-widget-container\">\n\t\t\t\t\t<h2 class=\"elementor-heading-title elementor-size-default\">La Via Francesca della Sambuca<\/h2>\t\t\t\t<\/div>\n\t\t\t\t<\/div>\n\t\t\t\t<div class=\"elementor-element elementor-element-23bc092 elementor-widget elementor-widget-text-editor\" data-id=\"23bc092\" data-element_type=\"widget\" data-widget_type=\"text-editor.default\">\n\t\t\t\t<div class=\"elementor-widget-container\">\n\t\t\t\t\t\t\t\t\t<p>La Via Francesca della Sambuca univa gi\u00e0 nel medioevo le citt\u00e0 di Bologna e Pistoia, percorrendo un itinerario conosciuto probabilmente sin dall&#8217;et\u00e0 del bronzo. Oggi \u00e8 un cammino che si sviluppa in quattro tappe, attraversando paesaggi naturali mozzafiato e ricchi di storia.<\/p>\t\t\t\t\t\t\t\t<\/div>\n\t\t\t\t<\/div>\n\t\t\t\t<div class=\"elementor-element elementor-element-b8293af elementor-widget elementor-widget-text-editor\" data-id=\"b8293af\" data-element_type=\"widget\" data-widget_type=\"text-editor.default\">\n\t\t\t\t<div class=\"elementor-widget-container\">\n\t\t\t\t\t\t\t\t\t<p>Questo percorso \u00e8 dedicato a San Giacomo, il patrono dei pellegrini, e rappresenta una variante della celebre Via Francigena. La Via Francesca della Sambuca offre un&#8217;esperienza unica per chi cerca un contatto profondo con la natura e la cultura locale, permettendo di scoprire angoli nascosti dell&#8217;Appennino Tosco-Emiliano.<\/p>\t\t\t\t\t\t\t\t<\/div>\n\t\t\t\t<\/div>\n\t\t\t\t<div class=\"elementor-element elementor-element-61647b8 elementor-widget elementor-widget-image\" data-id=\"61647b8\" data-element_type=\"widget\" data-widget_type=\"image.default\">\n\t\t\t\t<div class=\"elementor-widget-container\">\n\t\t\t\t\t\t\t\t\t\t\t\t\t\t\t<img loading=\"lazy\" decoding=\"async\" width=\"1080\" height=\"1080\" src=\"https:\/\/lavia.cc\/blog\/wp-content\/uploads\/2025\/04\/Via-Francesca-della-Sambuca.webp\" class=\"attachment-full size-full wp-image-5396\" alt=\"Quali cammini partono da Bologna | Via Francesca della Sambuca | LAVIA\" srcset=\"https:\/\/lavia.cc\/blog\/wp-content\/uploads\/2025\/04\/Via-Francesca-della-Sambuca.webp 1080w, https:\/\/lavia.cc\/blog\/wp-content\/uploads\/2025\/04\/Via-Francesca-della-Sambuca-300x300.webp 300w, https:\/\/lavia.cc\/blog\/wp-content\/uploads\/2025\/04\/Via-Francesca-della-Sambuca-1024x1024.webp 1024w, https:\/\/lavia.cc\/blog\/wp-content\/uploads\/2025\/04\/Via-Francesca-della-Sambuca-150x150.webp 150w, https:\/\/lavia.cc\/blog\/wp-content\/uploads\/2025\/04\/Via-Francesca-della-Sambuca-768x768.webp 768w\" sizes=\"(max-width: 1080px) 100vw, 1080px\" \/>\t\t\t\t\t\t\t\t\t\t\t\t\t\t\t<\/div>\n\t\t\t\t<\/div>\n\t\t\t\t<div class=\"elementor-element elementor-element-2a99f16 elementor-widget elementor-widget-text-editor\" data-id=\"2a99f16\" data-element_type=\"widget\" data-widget_type=\"text-editor.default\">\n\t\t\t\t<div class=\"elementor-widget-container\">\n\t\t\t\t\t\t\t\t\t<p>Il cammino prende il nome dal passo della Sambuca, un importante valico appenninico che fin dall&#8217;antichit\u00e0 ha rappresentato un punto di passaggio fondamentale tra l&#8217;Emilia e la Toscana. Lungo il percorso, i camminatori possono ammirare antichi borghi medievali, chiese romaniche e castelli, immersi in un paesaggio naturale di rara bellezza.<\/p>\t\t\t\t\t\t\t\t<\/div>\n\t\t\t\t<\/div>\n\t\t\t\t<div class=\"elementor-element elementor-element-b3292a4 elementor-widget elementor-widget-text-editor\" data-id=\"b3292a4\" data-element_type=\"widget\" data-widget_type=\"text-editor.default\">\n\t\t\t\t<div class=\"elementor-widget-container\">\n\t\t\t\t\t\t\t\t\t<p>La Via Francesca della Sambuca \u00e8 un cammino che unisce spiritualit\u00e0, storia e natura, offrendo ai pellegrini moderni l&#8217;opportunit\u00e0 di ripercorrere le orme di coloro che, nei secoli passati, hanno attraversato questi monti per ragioni commerciali, militari o religiose.<\/p>\t\t\t\t\t\t\t\t<\/div>\n\t\t\t\t<\/div>\n\t\t\t\t<div class=\"elementor-element elementor-element-4dd6603 elementor-widget elementor-widget-tablepress-table\" data-id=\"4dd6603\" data-element_type=\"widget\" data-widget_type=\"tablepress-table.default\">\n\t\t\t\t\t\n<table id=\"tablepress-8\" class=\"tablepress tablepress-id-8\">\n<tbody class=\"row-striping row-hover\">\n<tr class=\"row-1\">\n\t<td class=\"column-1\"><b>Tappe<\/b><\/td><td class=\"column-2\">4<\/td>\n<\/tr>\n<tr class=\"row-2\">\n\t<td class=\"column-1\"><b>Km<\/b><\/td><td class=\"column-2\">96,9 km<\/td>\n<\/tr>\n<tr class=\"row-3\">\n\t<td class=\"column-1\"><b>Dislivello +<\/b><\/td><td class=\"column-2\">2250 m<\/td>\n<\/tr>\n<tr class=\"row-4\">\n\t<td class=\"column-1\"><b>Dislivello -<\/b><\/td><td class=\"column-2\">2230 m<\/td>\n<\/tr>\n<tr class=\"row-5\">\n\t<td class=\"column-1\"><b>Traccia GPX<\/b><\/td><td class=\"column-2\"><a class=\"button\" href=\"https:\/\/lavia.cc\/gpx\/tracce\/la-via-francesca-della-sambuca-bologna-pistoia\/\">Scarica la traccia!<\/a><\/td>\n<\/tr>\n<\/tbody>\n<\/table>\n<!-- #tablepress-8 from cache -->\t\t\t\t<\/div>\n\t\t\t\t<div class=\"elementor-element elementor-element-65a77d5 elementor-widget-divider--view-line elementor-widget elementor-widget-divider\" data-id=\"65a77d5\" data-element_type=\"widget\" data-widget_type=\"divider.default\">\n\t\t\t\t<div class=\"elementor-widget-container\">\n\t\t\t\t\t\t\t<div class=\"elementor-divider\">\n\t\t\t<span class=\"elementor-divider-separator\">\n\t\t\t\t\t\t<\/span>\n\t\t<\/div>\n\t\t\t\t\t\t<\/div>\n\t\t\t\t<\/div>\n\t\t\t\t<div class=\"elementor-element elementor-element-88e6202 elementor-widget elementor-widget-heading\" data-id=\"88e6202\" data-element_type=\"widget\" data-widget_type=\"heading.default\">\n\t\t\t\t<div class=\"elementor-widget-container\">\n\t\t\t\t\t<h2 class=\"elementor-heading-title elementor-size-default\">La Via Mater Dei<\/h2>\t\t\t\t<\/div>\n\t\t\t\t<\/div>\n\t\t\t\t<div class=\"elementor-element elementor-element-d490a5d elementor-widget elementor-widget-text-editor\" data-id=\"d490a5d\" data-element_type=\"widget\" data-widget_type=\"text-editor.default\">\n\t\t\t\t<div class=\"elementor-widget-container\">\n\t\t\t\t\t\t\t\t\t<p>La Via Mater Dei \u00e8 un percorso spirituale e naturalistico che parte da Bologna e arriva alla chiesa di Santa Maria Assunta a Riola in sette tappe. Questo cammino offre un&#8217;esperienza unica che permette di scoprire i santuari mariani dell&#8217;Appennino bolognese.<\/p>\t\t\t\t\t\t\t\t<\/div>\n\t\t\t\t<\/div>\n\t\t\t\t<div class=\"elementor-element elementor-element-721d065 elementor-widget elementor-widget-text-editor\" data-id=\"721d065\" data-element_type=\"widget\" data-widget_type=\"text-editor.default\">\n\t\t\t\t<div class=\"elementor-widget-container\">\n\t\t\t\t\t\t\t\t\t<p>Lungo il percorso, che si snoda attraverso le colline emiliane, dove la storia e la natura si intrecciano in un abbraccio perfetto, sono nove i comuni dell&#8217;Appennino bolognese attraversati e otto i santuari Mariani da visitare. Ogni tappa offre l&#8217;opportunit\u00e0 di immergersi in paesaggi di grande bellezza e di scoprire luoghi di profonda spiritualit\u00e0.<\/p>\t\t\t\t\t\t\t\t<\/div>\n\t\t\t\t<\/div>\n\t\t\t\t<div class=\"elementor-element elementor-element-fc686d1 elementor-widget elementor-widget-image\" data-id=\"fc686d1\" data-element_type=\"widget\" data-widget_type=\"image.default\">\n\t\t\t\t<div class=\"elementor-widget-container\">\n\t\t\t\t\t\t\t\t\t\t\t\t\t\t\t<img loading=\"lazy\" decoding=\"async\" width=\"500\" height=\"500\" src=\"https:\/\/lavia.cc\/blog\/wp-content\/uploads\/2025\/04\/2-5-500x500-1.webp\" class=\"attachment-full size-full wp-image-5397\" alt=\"Quali cammini partono da Bologna | Via Mater Dei | LAVIA\" srcset=\"https:\/\/lavia.cc\/blog\/wp-content\/uploads\/2025\/04\/2-5-500x500-1.webp 500w, https:\/\/lavia.cc\/blog\/wp-content\/uploads\/2025\/04\/2-5-500x500-1-300x300.webp 300w, https:\/\/lavia.cc\/blog\/wp-content\/uploads\/2025\/04\/2-5-500x500-1-150x150.webp 150w\" sizes=\"(max-width: 500px) 100vw, 500px\" \/>\t\t\t\t\t\t\t\t\t\t\t\t\t\t\t<\/div>\n\t\t\t\t<\/div>\n\t\t\t\t<div class=\"elementor-element elementor-element-47bab9c elementor-widget elementor-widget-text-editor\" data-id=\"47bab9c\" data-element_type=\"widget\" data-widget_type=\"text-editor.default\">\n\t\t\t\t<div class=\"elementor-widget-container\">\n\t\t\t\t\t\t\t\t\t<p>La Via Mater Dei rappresenta un itinerario ideale per chi cerca non solo un&#8217;esperienza escursionistica, ma anche un percorso di riflessione e spiritualit\u00e0. I santuari mariani che punteggiano il cammino sono testimonianza della profonda devozione popolare e rappresentano importanti esempi di arte e architettura religiosa.<\/p>\t\t\t\t\t\t\t\t<\/div>\n\t\t\t\t<\/div>\n\t\t\t\t<div class=\"elementor-element elementor-element-cd1c01f elementor-widget elementor-widget-text-editor\" data-id=\"cd1c01f\" data-element_type=\"widget\" data-widget_type=\"text-editor.default\">\n\t\t\t\t<div class=\"elementor-widget-container\">\n\t\t\t\t\t\t\t\t\t<p>Questo cammino, pi\u00f9 recente rispetto ad altri che partono da Bologna, sta guadagnando sempre pi\u00f9 popolarit\u00e0 tra i pellegrini e gli escursionisti che desiderano esplorare l&#8217;Appennino bolognese seguendo un filo conduttore spirituale e culturale.<\/p>\t\t\t\t\t\t\t\t<\/div>\n\t\t\t\t<\/div>\n\t\t\t\t<div class=\"elementor-element elementor-element-29f60d8 elementor-widget elementor-widget-tablepress-table\" data-id=\"29f60d8\" data-element_type=\"widget\" data-widget_type=\"tablepress-table.default\">\n\t\t\t\t\t\n<table id=\"tablepress-9\" class=\"tablepress tablepress-id-9\">\n<tbody class=\"row-striping row-hover\">\n<tr class=\"row-1\">\n\t<td class=\"column-1\"><b>Tappe<\/b><\/td><td class=\"column-2\">7<\/td>\n<\/tr>\n<tr class=\"row-2\">\n\t<td class=\"column-1\"><b>Km<\/b><\/td><td class=\"column-2\">158,2 km<\/td>\n<\/tr>\n<tr class=\"row-3\">\n\t<td class=\"column-1\"><b>Dislivello +<\/b><\/td><td class=\"column-2\">5180 m<\/td>\n<\/tr>\n<tr class=\"row-4\">\n\t<td class=\"column-1\"><b>Dislivello -<\/b><\/td><td class=\"column-2\">5010 m<\/td>\n<\/tr>\n<tr class=\"row-5\">\n\t<td class=\"column-1\"><b>Traccia GPX<\/b><\/td><td class=\"column-2\"><a class=\"button\" href=\"https:\/\/lavia.cc\/gpx\/tracce\/via-mater-dei-cammino-appennino-bolognese\/\">Scarica la traccia!<\/a><\/td>\n<\/tr>\n<\/tbody>\n<\/table>\n<!-- #tablepress-9 from cache -->\t\t\t\t<\/div>\n\t\t\t\t<div class=\"elementor-element elementor-element-dd87175 elementor-widget-divider--view-line elementor-widget elementor-widget-divider\" data-id=\"dd87175\" data-element_type=\"widget\" data-widget_type=\"divider.default\">\n\t\t\t\t<div class=\"elementor-widget-container\">\n\t\t\t\t\t\t\t<div class=\"elementor-divider\">\n\t\t\t<span class=\"elementor-divider-separator\">\n\t\t\t\t\t\t<\/span>\n\t\t<\/div>\n\t\t\t\t\t\t<\/div>\n\t\t\t\t<\/div>\n\t\t\t\t<div class=\"elementor-element elementor-element-83ea441 elementor-widget elementor-widget-heading\" data-id=\"83ea441\" data-element_type=\"widget\" data-widget_type=\"heading.default\">\n\t\t\t\t<div class=\"elementor-widget-container\">\n\t\t\t\t\t<h2 class=\"elementor-heading-title elementor-size-default\">Cammini che partono da Bologna: a te la scelta!<\/h2>\t\t\t\t<\/div>\n\t\t\t\t<\/div>\n\t\t\t\t<div class=\"elementor-element elementor-element-a15619d elementor-widget elementor-widget-text-editor\" data-id=\"a15619d\" data-element_type=\"widget\" data-widget_type=\"text-editor.default\">\n\t\t\t\t<div class=\"elementor-widget-container\">\n\t\t\t\t\t\t\t\t\t<p>Bologna, con i suoi sei cammini che si diramano in tutte le direzioni, si conferma come un punto di riferimento imprescindibile per gli amanti del trekking e dei cammini storici in Italia. La variet\u00e0 di percorsi disponibili, che spaziano da itinerari storici a naturalistici, da spirituali a culturali, rende la citt\u00e0 felsinea una base ideale per esplorare l&#8217;Italia centrale a piedi, seguendo antiche vie che raccontano secoli di storia, tradizioni e cultura.<\/p>\t\t\t\t\t\t\t\t<\/div>\n\t\t\t\t<\/div>\n\t\t\t\t<div class=\"elementor-element elementor-element-84b8a34 elementor-widget elementor-widget-text-editor\" data-id=\"84b8a34\" data-element_type=\"widget\" data-widget_type=\"text-editor.default\">\n\t\t\t\t<div class=\"elementor-widget-container\">\n\t\t\t\t\t\t\t\t\t<p>Che tu sia un pellegrino alla ricerca di un&#8217;esperienza spirituale, un appassionato di storia interessato a ripercorrere antiche vie commerciali, o semplicemente un amante della natura desideroso di immergersi nei paesaggi dell&#8217;Appennino, Bologna ti offre il punto di partenza perfetto per la tua prossima avventura. Non resta che scegliere il cammino pi\u00f9 adatto alle tue esigenze e metterti in marcia, alla scoperta delle meraviglie che si celano lungo questi percorsi millenari.<\/p>\t\t\t\t\t\t\t\t<\/div>\n\t\t\t\t<\/div>\n\t\t\t\t\t<\/div>\n\t\t\t\t<\/div>\n\t\t<div class=\"elementor-element elementor-element-f42c2f9 e-flex e-con-boxed e-con e-parent\" data-id=\"f42c2f9\" data-element_type=\"container\">\n\t\t\t\t\t<div class=\"e-con-inner\">\n\t\t\t\t\t<\/div>\n\t\t\t\t<\/div>\n\t\t\t\t<\/div>\n\t\t","protected":false},"excerpt":{"rendered":"<p>Nel cuore dell&#8217;Emilia-Romagna, sotto i suoi caratteristici portici che si estendono per oltre 60 chilometri, Bologna non \u00e8 solo una citt\u00e0 ricca di storia, cultura e tradizione gastronomica, ma si \u00e8 affermata come un vero e proprio crocevia di cammini che attraversano l&#8217;Italia. Con ben sei percorsi che partono dalle sue piazze e si diramano [&hellip;]<\/p>\n","protected":false},"author":1,"featured_media":5380,"comment_status":"open","ping_status":"open","sticky":false,"template":"","format":"standard","meta":{"om_disable_all_campaigns":false,"footnotes":""},"categories":[69],"tags":[76,79],"class_list":["post-5349","post","type-post","status-publish","format-standard","has-post-thumbnail","hentry","category-cammini","tag-bologna","tag-emilia-romangna"],"blocksy_meta":[],"featured_image_urls_v2":{"full":["https:\/\/lavia.cc\/blog\/wp-content\/uploads\/2025\/04\/Piazza-Maggiore-in-Bologna-with-a-boy-and-a-girl-with-backpacks-and-trekking-poles.png",1024,1024,false],"thumbnail":["https:\/\/lavia.cc\/blog\/wp-content\/uploads\/2025\/04\/Piazza-Maggiore-in-Bologna-with-a-boy-and-a-girl-with-backpacks-and-trekking-poles-150x150.png",150,150,true],"medium":["https:\/\/lavia.cc\/blog\/wp-content\/uploads\/2025\/04\/Piazza-Maggiore-in-Bologna-with-a-boy-and-a-girl-with-backpacks-and-trekking-poles-300x300.png",300,300,true],"medium_large":["https:\/\/lavia.cc\/blog\/wp-content\/uploads\/2025\/04\/Piazza-Maggiore-in-Bologna-with-a-boy-and-a-girl-with-backpacks-and-trekking-poles-768x768.png",768,768,true],"large":["https:\/\/lavia.cc\/blog\/wp-content\/uploads\/2025\/04\/Piazza-Maggiore-in-Bologna-with-a-boy-and-a-girl-with-backpacks-and-trekking-poles.png",1024,1024,false],"1536x1536":["https:\/\/lavia.cc\/blog\/wp-content\/uploads\/2025\/04\/Piazza-Maggiore-in-Bologna-with-a-boy-and-a-girl-with-backpacks-and-trekking-poles.png",1024,1024,false],"2048x2048":["https:\/\/lavia.cc\/blog\/wp-content\/uploads\/2025\/04\/Piazza-Maggiore-in-Bologna-with-a-boy-and-a-girl-with-backpacks-and-trekking-poles.png",1024,1024,false]},"post_excerpt_stackable_v2":"<p>Nel cuore dell&#8217;Emilia-Romagna, sotto i suoi caratteristici portici che si estendono per oltre 60 chilometri, Bologna non \u00e8 solo una citt\u00e0 ricca di storia, cultura e tradizione gastronomica, ma si \u00e8 affermata come un vero e proprio crocevia di cammini che attraversano l&#8217;Italia. Con ben sei percorsi che partono dalle sue piazze e si diramano verso diverse direzioni, Bologna merita a pieno titolo l&#8217;appellativo di &#8220;citt\u00e0 regina dei cammini italiani&#8221;. Questa posizione privilegiata non \u00e8 casuale: situata strategicamente tra nord e sud, tra est e ovest della penisola, Bologna \u00e8 stata per secoli un importante snodo commerciale e culturale. Oggi,&hellip;<\/p>\n","category_list_v2":"<a href=\"https:\/\/lavia.cc\/blog\/category\/cammini\/\" rel=\"category tag\">Cammini<\/a>","author_info_v2":{"name":"LAVIA","url":"https:\/\/lavia.cc\/blog\/author\/lavia-website\/"},"comments_num_v2":"0 commenti","_links":{"self":[{"href":"https:\/\/lavia.cc\/blog\/wp-json\/wp\/v2\/posts\/5349","targetHints":{"allow":["GET"]}}],"collection":[{"href":"https:\/\/lavia.cc\/blog\/wp-json\/wp\/v2\/posts"}],"about":[{"href":"https:\/\/lavia.cc\/blog\/wp-json\/wp\/v2\/types\/post"}],"author":[{"embeddable":true,"href":"https:\/\/lavia.cc\/blog\/wp-json\/wp\/v2\/users\/1"}],"replies":[{"embeddable":true,"href":"https:\/\/lavia.cc\/blog\/wp-json\/wp\/v2\/comments?post=5349"}],"version-history":[{"count":36,"href":"https:\/\/lavia.cc\/blog\/wp-json\/wp\/v2\/posts\/5349\/revisions"}],"predecessor-version":[{"id":5407,"href":"https:\/\/lavia.cc\/blog\/wp-json\/wp\/v2\/posts\/5349\/revisions\/5407"}],"wp:featuredmedia":[{"embeddable":true,"href":"https:\/\/lavia.cc\/blog\/wp-json\/wp\/v2\/media\/5380"}],"wp:attachment":[{"href":"https:\/\/lavia.cc\/blog\/wp-json\/wp\/v2\/media?parent=5349"}],"wp:term":[{"taxonomy":"category","embeddable":true,"href":"https:\/\/lavia.cc\/blog\/wp-json\/wp\/v2\/categories?post=5349"},{"taxonomy":"post_tag","embeddable":true,"href":"https:\/\/lavia.cc\/blog\/wp-json\/wp\/v2\/tags?post=5349"}],"curies":[{"name":"wp","href":"https:\/\/api.w.org\/{rel}","templated":true}]}}